{"id":2961,"date":"2023-10-10T06:43:34","date_gmt":"2023-10-10T06:43:34","guid":{"rendered":"https:\/\/alvismetales.com\/metalvis\/?p=2961"},"modified":"2024-07-24T00:30:02","modified_gmt":"2024-07-24T00:30:02","slug":"rejas-metalicas","status":"publish","type":"post","link":"https:\/\/alvismetales.com\/metalvis\/rejas-metalicas\/","title":{"rendered":"Rejas y cercos de seguridad"},"content":{"rendered":"<div class=\"fusion-fullwidth fullwidth-box fusion-builder-row-1 fusion-flex-container nonhundred-percent-fullwidth non-hundred-percent-height-scrolling\" style=\"--awb-border-radius-top-left:0px;--awb-border-radius-top-right:0px;--awb-border-radius-bottom-right:0px;--awb-border-radius-bottom-left:0px;--awb-margin-top:50px;--awb-margin-bottom:50px;--awb-flex-wrap:wrap;\" ><div class=\"fusion-builder-row fusion-row fusion-flex-align-items-flex-start fusion-flex-content-wrap\" style=\"max-width:1227.2px;margin-left: calc(-4% \/ 2 );margin-right: calc(-4% \/ 2 );\"><div class=\"fusion-layout-column fusion_builder_column fusion-builder-column-0 awb-sticky awb-sticky-small awb-sticky-medium awb-sticky-large fusion_builder_column_1_5 1_5 fusion-flex-column\" style=\"--awb-bg-blend:exclusion;--awb-bg-repeat:repeat-y;--awb-width-large:20%;--awb-margin-top-large:15px;--awb-spacing-right-large:0px;--awb-margin-bottom-large:15px;--awb-spacing-left-large:0px;--awb-width-medium:100%;--awb-order-medium:0;--awb-spacing-right-medium:1.92%;--awb-spacing-left-medium:1.92%;--awb-width-small:100%;--awb-order-small:1;--awb-spacing-right-small:1.92%;--awb-spacing-left-small:1.92%;\"><div class=\"fusion-column-wrapper fusion-column-has-shadow fusion-flex-justify-content-flex-start fusion-content-layout-column\"><div class=\"fusion-text fusion-text-1\" style=\"--awb-font-size:20px;--awb-text-color:var(--awb-color4);--awb-text-font-family:&quot;Poppins&quot;;--awb-text-font-style:normal;--awb-text-font-weight:700;\"><p><u>Conoce m\u00e1s sobre:<\/u><\/p>\n<\/div><nav class=\"awb-menu awb-menu_column awb-menu_em-hover mobile-mode-always-expanded awb-menu_icons-right awb-menu_dc-yes mobile-trigger-fullwidth-off awb-menu_mobile-toggle awb-menu_indent-left loading mega-menu-loading awb-menu_desktop awb-menu_arrows-main awb-menu_dropdown awb-menu_expand-right awb-menu_transition-fade\" style=\"--awb-gap:20px;--awb-active-color:var(--awb-custom_color_2);--awb-submenu-sep-color:#050505;--awb-icons-size:22;--awb-icons-hover-color:var(--awb-custom_color_2);--awb-arrows-size-height:5px;--awb-arrows-size-width:5px;--awb-main-justify-content:flex-start;--awb-mobile-nav-items-height:10;--awb-mobile-justify:flex-start;--awb-mobile-caret-left:auto;--awb-mobile-caret-right:0;--awb-fusion-font-family-typography:&quot;Montserrat&quot;;--awb-fusion-font-style-typography:normal;--awb-fusion-font-weight-typography:700;--awb-fusion-font-family-submenu-typography:inherit;--awb-fusion-font-style-submenu-typography:normal;--awb-fusion-font-weight-submenu-typography:400;--awb-fusion-font-family-mobile-typography:inherit;--awb-fusion-font-style-mobile-typography:normal;--awb-fusion-font-weight-mobile-typography:400;\" aria-label=\"menu_servicios\" data-breakpoint=\"1000\" data-count=\"0\" data-transition-type=\"fade\" data-transition-time=\"300\" data-expand=\"right\"><button type=\"button\" class=\"awb-menu__m-toggle awb-menu__m-toggle_no-text\" aria-expanded=\"false\" aria-controls=\"menu-menu_servicios\"><span class=\"awb-menu__m-toggle-inner\"><span class=\"collapsed-nav-text\"><span class=\"screen-reader-text\">Toggle Navigation<\/span><\/span><span class=\"awb-menu__m-collapse-icon awb-menu__m-collapse-icon_no-text\"><span class=\"awb-menu__m-collapse-icon-open awb-menu__m-collapse-icon-open_no-text fa-angle-right fas\"><\/span><span class=\"awb-menu__m-collapse-icon-close awb-menu__m-collapse-icon-close_no-text fa-times fas\"><\/span><\/span><\/span><\/button><ul id=\"menu-menu_servicios\" class=\"fusion-menu awb-menu__main-ul awb-menu__main-ul_column\"><li  id=\"menu-item-3032\"  class=\"menu-item menu-item-type-post_type menu-item-object-post menu-item-3032 awb-menu__li awb-menu__main-li awb-menu__main-li_regular\"  data-item-id=\"3032\"><span class=\"awb-menu__main-background-default awb-menu__main-background-default_fade\"><\/span><span class=\"awb-menu__main-background-active awb-menu__main-background-active_fade\"><\/span><a  href=\"https:\/\/alvismetales.com\/metalvis\/puertas-metalicas\/\" class=\"awb-menu__main-a awb-menu__main-a_regular fusion-flex-link\"><span class=\"menu-text\">Puertas met\u00e1licas<\/span><span class=\"awb-menu__i awb-menu__i_main fusion-megamenu-icon\"><i class=\"glyphicon fa-angle-double-right fas\" aria-hidden=\"true\"><\/i><\/span><\/a><\/li><li  id=\"menu-item-3031\"  class=\"menu-item menu-item-type-post_type menu-item-object-post menu-item-3031 awb-menu__li awb-menu__main-li awb-menu__main-li_regular\"  data-item-id=\"3031\"><span class=\"awb-menu__main-background-default awb-menu__main-background-default_fade\"><\/span><span class=\"awb-menu__main-background-active awb-menu__main-background-active_fade\"><\/span><a  href=\"https:\/\/alvismetales.com\/metalvis\/barandas-metalicas\/\" class=\"awb-menu__main-a awb-menu__main-a_regular fusion-flex-link\"><span class=\"menu-text\">Barandas Met\u00e1licas<\/span><span class=\"awb-menu__i awb-menu__i_main fusion-megamenu-icon\"><i class=\"glyphicon fa-angle-double-right fas\" aria-hidden=\"true\"><\/i><\/span><\/a><\/li><li  id=\"menu-item-3028\"  class=\"menu-item menu-item-type-post_type menu-item-object-post menu-item-3028 awb-menu__li awb-menu__main-li awb-menu__main-li_regular\"  data-item-id=\"3028\"><span class=\"awb-menu__main-background-default awb-menu__main-background-default_fade\"><\/span><span class=\"awb-menu__main-background-active awb-menu__main-background-active_fade\"><\/span><a  href=\"https:\/\/alvismetales.com\/metalvis\/portones-metalicos\/\" class=\"awb-menu__main-a awb-menu__main-a_regular fusion-flex-link\"><span class=\"menu-text\">Portones para viviendas<\/span><span class=\"awb-menu__i awb-menu__i_main fusion-megamenu-icon\"><i class=\"glyphicon fa-angle-double-right fas\" aria-hidden=\"true\"><\/i><\/span><\/a><\/li><li  id=\"menu-item-3026\"  class=\"menu-item menu-item-type-post_type menu-item-object-post menu-item-3026 awb-menu__li awb-menu__main-li awb-menu__main-li_regular\"  data-item-id=\"3026\"><span class=\"awb-menu__main-background-default awb-menu__main-background-default_fade\"><\/span><span class=\"awb-menu__main-background-active awb-menu__main-background-active_fade\"><\/span><a  href=\"https:\/\/alvismetales.com\/metalvis\/escaleras-metalicas\/\" class=\"awb-menu__main-a awb-menu__main-a_regular fusion-flex-link\"><span class=\"menu-text\">Escaleras Met\u00e1licas<\/span><span class=\"awb-menu__i awb-menu__i_main fusion-megamenu-icon\"><i class=\"glyphicon fa-angle-double-right fas\" aria-hidden=\"true\"><\/i><\/span><\/a><\/li><li  id=\"menu-item-3340\"  class=\"menu-item menu-item-type-post_type menu-item-object-post menu-item-3340 awb-menu__li awb-menu__main-li awb-menu__main-li_regular\"  data-item-id=\"3340\"><span class=\"awb-menu__main-background-default awb-menu__main-background-default_fade\"><\/span><span class=\"awb-menu__main-background-active awb-menu__main-background-active_fade\"><\/span><a  href=\"https:\/\/alvismetales.com\/metalvis\/escaleras-caracol\/\" class=\"awb-menu__main-a awb-menu__main-a_regular fusion-flex-link\"><span class=\"menu-text\">Escaleras Caracol<\/span><span class=\"awb-menu__i awb-menu__i_main fusion-megamenu-icon\"><i class=\"glyphicon fa-angle-double-right fas\" aria-hidden=\"true\"><\/i><\/span><\/a><\/li><li  id=\"menu-item-3030\"  class=\"menu-item menu-item-type-post_type menu-item-object-post menu-item-3030 awb-menu__li awb-menu__main-li awb-menu__main-li_regular\"  data-item-id=\"3030\"><span class=\"awb-menu__main-background-default awb-menu__main-background-default_fade\"><\/span><span class=\"awb-menu__main-background-active awb-menu__main-background-active_fade\"><\/span><a  href=\"https:\/\/alvismetales.com\/metalvis\/rejas-metalicas\/\" class=\"awb-menu__main-a awb-menu__main-a_regular fusion-flex-link\"><span class=\"menu-text\">Rejas y cercos de seguridad<\/span><span class=\"awb-menu__i awb-menu__i_main fusion-megamenu-icon\"><i class=\"glyphicon fa-angle-double-right fas\" aria-hidden=\"true\"><\/i><\/span><\/a><\/li><li  id=\"menu-item-3027\"  class=\"menu-item menu-item-type-post_type menu-item-object-post menu-item-3027 awb-menu__li awb-menu__main-li awb-menu__main-li_regular\"  data-item-id=\"3027\"><span class=\"awb-menu__main-background-default awb-menu__main-background-default_fade\"><\/span><span class=\"awb-menu__main-background-active awb-menu__main-background-active_fade\"><\/span><a  href=\"https:\/\/alvismetales.com\/metalvis\/protectores-de-ventana\/\" class=\"awb-menu__main-a awb-menu__main-a_regular fusion-flex-link\"><span class=\"menu-text\">Protectores de Ventana<\/span><span class=\"awb-menu__i awb-menu__i_main fusion-megamenu-icon\"><i class=\"glyphicon fa-angle-double-right fas\" aria-hidden=\"true\"><\/i><\/span><\/a><\/li><li  id=\"menu-item-3029\"  class=\"menu-item menu-item-type-post_type menu-item-object-post menu-item-3029 awb-menu__li awb-menu__main-li awb-menu__main-li_regular\"  data-item-id=\"3029\"><span class=\"awb-menu__main-background-default awb-menu__main-background-default_fade\"><\/span><span class=\"awb-menu__main-background-active awb-menu__main-background-active_fade\"><\/span><a  href=\"https:\/\/alvismetales.com\/metalvis\/techos-metalicos\/\" class=\"awb-menu__main-a awb-menu__main-a_regular fusion-flex-link\"><span class=\"menu-text\">Techos para viviendas<\/span><span class=\"awb-menu__i awb-menu__i_main fusion-megamenu-icon\"><i class=\"glyphicon fa-angle-double-right fas\" aria-hidden=\"true\"><\/i><\/span><\/a><\/li><\/ul><\/nav><\/div><\/div><div class=\"fusion-layout-column fusion_builder_column fusion-builder-column-1 fusion_builder_column_4_5 4_5 fusion-flex-column\" style=\"--awb-bg-blend:overlay;--awb-bg-size:cover;--awb-width-large:80%;--awb-margin-top-large:0px;--awb-spacing-right-large:0px;--awb-margin-bottom-large:0px;--awb-spacing-left-large:0px;--awb-width-medium:100%;--awb-spacing-right-medium:1.92%;--awb-spacing-left-medium:1.92%;--awb-width-small:100%;--awb-spacing-right-small:1.92%;--awb-spacing-left-small:1.92%;\"><div class=\"fusion-column-wrapper fusion-flex-justify-content-flex-start fusion-content-layout-column\"><div class=\"fusion-image-element \" style=\"text-align:center;--awb-margin-bottom:10px;--awb-caption-title-font-family:var(--h2_typography-font-family);--awb-caption-title-font-weight:var(--h2_typography-font-weight);--awb-caption-title-font-style:var(--h2_typography-font-style);--awb-caption-title-size:var(--h2_typography-font-size);--awb-caption-title-transform:var(--h2_typography-text-transform);--awb-caption-title-line-height:var(--h2_typography-line-height);--awb-caption-title-letter-spacing:var(--h2_typography-letter-spacing);\"><span class=\" fusion-imageframe imageframe-none imageframe-1 hover-type-none\"><img decoding=\"async\" width=\"533\" height=\"400\" title=\"rejas-y-cercos-de-seguridad-trabajador_optimizado\" src=\"https:\/\/alvismetales.com\/metalvis\/wp-content\/uploads\/2023\/12\/rejas-y-cercos-de-seguridad-trabajador_optimizado.png\" data-orig-src=\"https:\/\/alvismetales.com\/metalvis\/wp-content\/uploads\/2023\/12\/rejas-y-cercos-de-seguridad-trabajador_optimizado.png\" alt class=\"lazyload img-responsive wp-image-3736\" srcset=\"data:image\/svg+xml,%3Csvg%20xmlns%3D%27http%3A%2F%2Fwww.w3.org%2F2000%2Fsvg%27%20width%3D%27533%27%20height%3D%27400%27%20viewBox%3D%270%200%20533%20400%27%3E%3Crect%20width%3D%27533%27%20height%3D%27400%27%20fill-opacity%3D%220%22%2F%3E%3C%2Fsvg%3E\" data-srcset=\"https:\/\/alvismetales.com\/metalvis\/wp-content\/uploads\/2023\/12\/rejas-y-cercos-de-seguridad-trabajador_optimizado-200x150.png 200w, https:\/\/alvismetales.com\/metalvis\/wp-content\/uploads\/2023\/12\/rejas-y-cercos-de-seguridad-trabajador_optimizado-400x300.png 400w, https:\/\/alvismetales.com\/metalvis\/wp-content\/uploads\/2023\/12\/rejas-y-cercos-de-seguridad-trabajador_optimizado.png 533w\" data-sizes=\"auto\" data-orig-sizes=\"(max-width: 1000px) 100vw, (max-width: 640px) 100vw, 533px\" \/><\/span><\/div><div class=\"fusion-title title fusion-title-1 fusion-sep-none fusion-title-center fusion-title-highlight fusion-loop-on fusion-highlight-underline_zigzag fusion-title-size-one\" style=\"--awb-text-color:var(--awb-color4);--awb-highlight-width:5;--awb-margin-top:0px;--awb-font-size:35px;\" data-highlight=\"underline_zigzag\"><h1 class=\"fusion-title-heading title-heading-center fusion-responsive-typography-calculated\" style=\"font-family:&quot;Montserrat&quot;;font-style:normal;font-weight:700;margin:0;font-size:1em;--fontSize:35;line-height:var(--awb-typography1-line-height);\"><span class=\"fusion-highlighted-text-prefix\">\u00a1Protecci\u00f3n y estilo unidos en cada detalle! En Metalvis, creamos rejas y cercos de seguridad met\u00e1licos que no solo te brindan tranquilidad, sino tambi\u00e9n<\/span> <span class=\"fusion-highlighted-text-wrapper\"><span class=\"fusion-highlighted-text\">un toque de elegancia en la protecci\u00f3n de tu hogar.<\/span><\/span> <span class=\"fusion-highlighted-text-postfix\"><\/span><\/h1><\/div><ul style=\"--awb-size:20px;--awb-textcolor:var(--awb-color4);--awb-line-height:34px;--awb-icon-width:34px;--awb-icon-height:34px;--awb-icon-margin:14px;--awb-content-margin:48px;\" class=\"fusion-checklist fusion-checklist-1 fusion-checklist-default type-icons\"><li class=\"fusion-li-item\" style=\"\"><span class=\"icon-wrapper circle-no\"><i class=\"fusion-li-icon fa-check-circle fas\" aria-hidden=\"true\"><\/i><\/span><div class=\"fusion-li-item-content\">\n<p>Imagina rodear tu espacio con la fuerza y durabilidad del metal, creando una barrera segura contra intrusos mientras mantienes la est\u00e9tica de tus exteriores intacta. Nuestras rejas y cercos de seguridad met\u00e1licos son la combinaci\u00f3n perfecta entre funci\u00f3n y dise\u00f1o, garantizando que tu hogar sea un refugio seguro sin comprometer su apariencia.<\/p>\n<\/div><\/li><li class=\"fusion-li-item\" style=\"\"><span class=\"icon-wrapper circle-no\"><i class=\"fusion-li-icon fa-check-circle fas\" aria-hidden=\"true\"><\/i><\/span><div class=\"fusion-li-item-content\">\n<p>Al elegirnos, est\u00e1s eligiendo calidad y confiabilidad. Cada reja y cerco de seguridad met\u00e1lico que fabricamos est\u00e1 dise\u00f1ado con precisi\u00f3n y atenci\u00f3n a los detalles. Nuestro equipo de expertos se asegura de que cada pieza cumpla con los est\u00e1ndares m\u00e1s altos de calidad y resistencia, ofreci\u00e9ndote una soluci\u00f3n de seguridad que perdura en el tiempo.<\/p>\n<\/div><\/li><li class=\"fusion-li-item\" style=\"\"><span class=\"icon-wrapper circle-no\"><i class=\"fusion-li-icon fa-check-circle fas\" aria-hidden=\"true\"><\/i><\/span><div class=\"fusion-li-item-content\">\n<p>Al elegirnos, eliges m\u00e1s que una simple escalera; eliges una pieza de arte funcional que perdurar\u00e1 en el tiempo. La durabilidad inherente del metal garantiza que tu inversi\u00f3n no s\u00f3lo ser\u00e1 visualmente impactante, sino tambi\u00e9n duradera y confiable. Adem\u00e1s, nuestras escaleras de caracol se adaptan perfectamente a tus necesidades y al espacio disponible, brindando una soluci\u00f3n est\u00e9tica y pr\u00e1ctica en un solo paquete.<\/p>\n<\/div><\/li><li class=\"fusion-li-item\" style=\"\"><span class=\"icon-wrapper circle-no\"><i class=\"fusion-li-icon fa-check-circle fas\" aria-hidden=\"true\"><\/i><\/span><div class=\"fusion-li-item-content\">\n<p>La durabilidad inherente del metal asegura que tu inversi\u00f3n est\u00e1 protegida de los elementos y de cualquier intento de intrusi\u00f3n.  No se trata solo de seguridad, sino tambi\u00e9n de la paz mental que obtienes al saber que est\u00e1s protegido sin sacrificar el estilo. No comprometas la seguridad ni la est\u00e9tica; elige la soluci\u00f3n que brinda lo mejor de ambos mundos. <\/p>\n<p style=\"text-align: center; \"><b>\u00a1\u00danete a nosotros y protege tu hogar con un toque de elegancia!<\/b><\/p>\n<\/div><\/li><\/ul><div style=\"text-align:center;\"><a class=\"fusion-button button-3d button-xlarge button-custom fusion-button-default button-1 fusion-button-span-no fondoamarillodegradado\" style=\"--button_accent_color:var(--awb-color4);--button_border_color:var(--awb-color4);--button_accent_hover_color:var(--awb-color1);--button_border_hover_color:var(--awb-color1);--button-border-radius-top-left:10px;--button-border-radius-top-right:10px;--button-border-radius-bottom-right:10px;--button-border-radius-bottom-left:10px;--button_gradient_top_color:var(--awb-color4);--button_gradient_bottom_color:var(--awb-color4);--button_gradient_top_color_hover:var(--awb-color4);--button_gradient_bottom_color_hover:var(--awb-color4);--button_typography-font-family:var(--awb-typography1-font-family);--button_typography-font-weight:var(--awb-typography1-font-weight);--button_typography-font-style:var(--awb-typography1-font-style);--button_margin-top:30px;\" target=\"_blank\" rel=\"noopener noreferrer\" href=\"https:\/\/wa.link\/m57tux\"><i class=\"fa-whatsapp fab button-icon-left\" aria-hidden=\"true\"><\/i><span class=\"fusion-button-text\">Cont\u00e1ctanos ahora mismo y perm\u00edtenos ser parte de tu seguridad<\/span><\/a><\/div><div class=\"awb-gallery-wrapper awb-gallery-wrapper-1 button-span-no\" style=\"--more-btn-alignment:center;margin-top:50px;margin-bottom:50px;\"><div style=\"margin:-11px;--awb-bordersize:0px;--awb-bordercolor:var(--awb-color1);\" class=\"fusion-gallery fusion-gallery-container fusion-grid-3 fusion-columns-total-9 fusion-gallery-layout-grid fusion-gallery-1\"><div style=\"padding:11.5px;\" class=\"fusion-grid-column fusion-gallery-column fusion-gallery-column-3\"><div class=\"fusion-gallery-image awb-imageframe-style awb-imageframe-style-dany\"><a href=\"https:\/\/alvismetales.com\/metalvis\/wp-content\/uploads\/2023\/11\/Cerco-de-malla-metalico.jpg\" data-title=\"Cerco de malla met\u00e1lico\" title=\"Cerco de malla met\u00e1lico\" rel=\"noreferrer\" data-rel=\"iLightbox[gallery_image_1]\" class=\"fusion-lightbox\" target=\"_self\"><img decoding=\"async\" src=\"https:\/\/alvismetales.com\/metalvis\/wp-content\/uploads\/2023\/11\/Cerco-de-malla-metalico.jpg\" data-orig-src=\"https:\/\/alvismetales.com\/metalvis\/wp-content\/uploads\/2023\/11\/Cerco-de-malla-metalico.jpg\" width=\"728\" height=\"540\" alt=\"\" title=\"Cerco de malla met\u00e1lico\" aria-label=\"Cerco de malla met\u00e1lico\" class=\"lazyload img-responsive wp-image-3462\" srcset=\"data:image\/svg+xml,%3Csvg%20xmlns%3D%27http%3A%2F%2Fwww.w3.org%2F2000%2Fsvg%27%20width%3D%27728%27%20height%3D%27540%27%20viewBox%3D%270%200%20728%20540%27%3E%3Crect%20width%3D%27728%27%20height%3D%27540%27%20fill-opacity%3D%220%22%2F%3E%3C%2Fsvg%3E\" data-srcset=\"https:\/\/alvismetales.com\/metalvis\/wp-content\/uploads\/2023\/11\/Cerco-de-malla-metalico-200x148.jpg 200w, https:\/\/alvismetales.com\/metalvis\/wp-content\/uploads\/2023\/11\/Cerco-de-malla-metalico-400x297.jpg 400w, https:\/\/alvismetales.com\/metalvis\/wp-content\/uploads\/2023\/11\/Cerco-de-malla-metalico-600x445.jpg 600w, https:\/\/alvismetales.com\/metalvis\/wp-content\/uploads\/2023\/11\/Cerco-de-malla-metalico.jpg 728w\" data-sizes=\"auto\" data-orig-sizes=\"(min-width: 2200px) 100vw, (min-width: 784px) 386px, (min-width: 712px) 579px, (min-width: 640px) 712px, \" \/><div class=\"awb-imageframe-caption-container\"><div class=\"awb-imageframe-caption\"><h2 class=\"awb-imageframe-caption-title\"> <\/h2><p class=\"awb-imageframe-caption-text\">Cerco de malla met\u00e1lico<\/p><\/div><\/div><\/a><\/div><\/div><div style=\"padding:11.5px;\" class=\"fusion-grid-column fusion-gallery-column fusion-gallery-column-3\"><div class=\"fusion-gallery-image awb-imageframe-style awb-imageframe-style-dany\"><a href=\"https:\/\/alvismetales.com\/metalvis\/wp-content\/uploads\/2023\/11\/Cerco-de-puas-metalico.jpg\" data-title=\"Cerco de p\u00faas met\u00e1lico\" title=\"Cerco de p\u00faas met\u00e1lico\" rel=\"noreferrer\" data-rel=\"iLightbox[gallery_image_1]\" class=\"fusion-lightbox\" target=\"_self\"><img decoding=\"async\" src=\"https:\/\/alvismetales.com\/metalvis\/wp-content\/uploads\/2023\/11\/Cerco-de-puas-metalico.jpg\" data-orig-src=\"https:\/\/alvismetales.com\/metalvis\/wp-content\/uploads\/2023\/11\/Cerco-de-puas-metalico.jpg\" width=\"728\" height=\"540\" alt=\"\" title=\"Cerco de p\u00faas met\u00e1lico\" aria-label=\"Cerco de p\u00faas met\u00e1lico\" class=\"lazyload img-responsive wp-image-3463\" srcset=\"data:image\/svg+xml,%3Csvg%20xmlns%3D%27http%3A%2F%2Fwww.w3.org%2F2000%2Fsvg%27%20width%3D%27728%27%20height%3D%27540%27%20viewBox%3D%270%200%20728%20540%27%3E%3Crect%20width%3D%27728%27%20height%3D%27540%27%20fill-opacity%3D%220%22%2F%3E%3C%2Fsvg%3E\" data-srcset=\"https:\/\/alvismetales.com\/metalvis\/wp-content\/uploads\/2023\/11\/Cerco-de-puas-metalico-200x148.jpg 200w, https:\/\/alvismetales.com\/metalvis\/wp-content\/uploads\/2023\/11\/Cerco-de-puas-metalico-400x297.jpg 400w, https:\/\/alvismetales.com\/metalvis\/wp-content\/uploads\/2023\/11\/Cerco-de-puas-metalico-600x445.jpg 600w, https:\/\/alvismetales.com\/metalvis\/wp-content\/uploads\/2023\/11\/Cerco-de-puas-metalico.jpg 728w\" data-sizes=\"auto\" data-orig-sizes=\"(min-width: 2200px) 100vw, (min-width: 784px) 386px, (min-width: 712px) 579px, (min-width: 640px) 712px, \" \/><div class=\"awb-imageframe-caption-container\"><div class=\"awb-imageframe-caption\"><h2 class=\"awb-imageframe-caption-title\"> <\/h2><p class=\"awb-imageframe-caption-text\">Cerco de p\u00faas met\u00e1lico<\/p><\/div><\/div><\/a><\/div><\/div><div style=\"padding:11.5px;\" class=\"fusion-grid-column fusion-gallery-column fusion-gallery-column-3\"><div class=\"fusion-gallery-image awb-imageframe-style awb-imageframe-style-dany\"><a href=\"https:\/\/alvismetales.com\/metalvis\/wp-content\/uploads\/2023\/11\/Cerco-perimetral-metalico.jpg\" data-title=\"Cerco perimetral met\u00e1lico\" title=\"Cerco perimetral met\u00e1lico\" rel=\"noreferrer\" data-rel=\"iLightbox[gallery_image_1]\" class=\"fusion-lightbox\" target=\"_self\"><img decoding=\"async\" src=\"https:\/\/alvismetales.com\/metalvis\/wp-content\/uploads\/2023\/11\/Cerco-perimetral-metalico.jpg\" data-orig-src=\"https:\/\/alvismetales.com\/metalvis\/wp-content\/uploads\/2023\/11\/Cerco-perimetral-metalico.jpg\" width=\"728\" height=\"540\" alt=\"\" title=\"Cerco perimetral met\u00e1lico\" aria-label=\"Cerco perimetral met\u00e1lico\" class=\"lazyload img-responsive wp-image-3464\" srcset=\"data:image\/svg+xml,%3Csvg%20xmlns%3D%27http%3A%2F%2Fwww.w3.org%2F2000%2Fsvg%27%20width%3D%27728%27%20height%3D%27540%27%20viewBox%3D%270%200%20728%20540%27%3E%3Crect%20width%3D%27728%27%20height%3D%27540%27%20fill-opacity%3D%220%22%2F%3E%3C%2Fsvg%3E\" data-srcset=\"https:\/\/alvismetales.com\/metalvis\/wp-content\/uploads\/2023\/11\/Cerco-perimetral-metalico-200x148.jpg 200w, https:\/\/alvismetales.com\/metalvis\/wp-content\/uploads\/2023\/11\/Cerco-perimetral-metalico-400x297.jpg 400w, https:\/\/alvismetales.com\/metalvis\/wp-content\/uploads\/2023\/11\/Cerco-perimetral-metalico-600x445.jpg 600w, https:\/\/alvismetales.com\/metalvis\/wp-content\/uploads\/2023\/11\/Cerco-perimetral-metalico.jpg 728w\" data-sizes=\"auto\" data-orig-sizes=\"(min-width: 2200px) 100vw, (min-width: 784px) 386px, (min-width: 712px) 579px, (min-width: 640px) 712px, \" \/><div class=\"awb-imageframe-caption-container\"><div class=\"awb-imageframe-caption\"><h2 class=\"awb-imageframe-caption-title\"> <\/h2><p class=\"awb-imageframe-caption-text\">Cerco perimetral met\u00e1lico<\/p><\/div><\/div><\/a><\/div><\/div><div class=\"clearfix\"><\/div><div style=\"padding:11.5px;\" class=\"fusion-grid-column fusion-gallery-column fusion-gallery-column-3\"><div class=\"fusion-gallery-image awb-imageframe-style awb-imageframe-style-dany\"><a href=\"https:\/\/alvismetales.com\/metalvis\/wp-content\/uploads\/2023\/11\/Reja-metalica-con-corter-laser.jpg\" data-title=\"Reja met\u00e1lica con corter l\u00e1ser\" title=\"Reja met\u00e1lica con corter l\u00e1ser\" rel=\"noreferrer\" data-rel=\"iLightbox[gallery_image_1]\" class=\"fusion-lightbox\" target=\"_self\"><img decoding=\"async\" src=\"https:\/\/alvismetales.com\/metalvis\/wp-content\/uploads\/2023\/11\/Reja-metalica-con-corter-laser.jpg\" data-orig-src=\"https:\/\/alvismetales.com\/metalvis\/wp-content\/uploads\/2023\/11\/Reja-metalica-con-corter-laser.jpg\" width=\"728\" height=\"540\" alt=\"\" title=\"Reja met\u00e1lica con corter l\u00e1ser\" aria-label=\"Reja met\u00e1lica con corter l\u00e1ser\" class=\"lazyload img-responsive wp-image-3465\" srcset=\"data:image\/svg+xml,%3Csvg%20xmlns%3D%27http%3A%2F%2Fwww.w3.org%2F2000%2Fsvg%27%20width%3D%27728%27%20height%3D%27540%27%20viewBox%3D%270%200%20728%20540%27%3E%3Crect%20width%3D%27728%27%20height%3D%27540%27%20fill-opacity%3D%220%22%2F%3E%3C%2Fsvg%3E\" data-srcset=\"https:\/\/alvismetales.com\/metalvis\/wp-content\/uploads\/2023\/11\/Reja-metalica-con-corter-laser-200x148.jpg 200w, https:\/\/alvismetales.com\/metalvis\/wp-content\/uploads\/2023\/11\/Reja-metalica-con-corter-laser-400x297.jpg 400w, https:\/\/alvismetales.com\/metalvis\/wp-content\/uploads\/2023\/11\/Reja-metalica-con-corter-laser-600x445.jpg 600w, https:\/\/alvismetales.com\/metalvis\/wp-content\/uploads\/2023\/11\/Reja-metalica-con-corter-laser.jpg 728w\" data-sizes=\"auto\" data-orig-sizes=\"(min-width: 2200px) 100vw, (min-width: 784px) 386px, (min-width: 712px) 579px, (min-width: 640px) 712px, \" \/><div class=\"awb-imageframe-caption-container\"><div class=\"awb-imageframe-caption\"><h2 class=\"awb-imageframe-caption-title\"> <\/h2><p class=\"awb-imageframe-caption-text\">Reja met\u00e1lica con corter l\u00e1ser<\/p><\/div><\/div><\/a><\/div><\/div><div style=\"padding:11.5px;\" class=\"fusion-grid-column fusion-gallery-column fusion-gallery-column-3\"><div class=\"fusion-gallery-image awb-imageframe-style awb-imageframe-style-dany\"><a href=\"https:\/\/alvismetales.com\/metalvis\/wp-content\/uploads\/2023\/11\/Reja-metalica-lineal.jpg\" data-title=\"Reja met\u00e1lica lineal\" title=\"Reja met\u00e1lica lineal\" rel=\"noreferrer\" data-rel=\"iLightbox[gallery_image_1]\" class=\"fusion-lightbox\" target=\"_self\"><img decoding=\"async\" src=\"https:\/\/alvismetales.com\/metalvis\/wp-content\/uploads\/2023\/11\/Reja-metalica-lineal.jpg\" data-orig-src=\"https:\/\/alvismetales.com\/metalvis\/wp-content\/uploads\/2023\/11\/Reja-metalica-lineal.jpg\" width=\"728\" height=\"540\" alt=\"\" title=\"Reja met\u00e1lica lineal\" aria-label=\"Reja met\u00e1lica lineal\" class=\"lazyload img-responsive wp-image-3466\" srcset=\"data:image\/svg+xml,%3Csvg%20xmlns%3D%27http%3A%2F%2Fwww.w3.org%2F2000%2Fsvg%27%20width%3D%27728%27%20height%3D%27540%27%20viewBox%3D%270%200%20728%20540%27%3E%3Crect%20width%3D%27728%27%20height%3D%27540%27%20fill-opacity%3D%220%22%2F%3E%3C%2Fsvg%3E\" data-srcset=\"https:\/\/alvismetales.com\/metalvis\/wp-content\/uploads\/2023\/11\/Reja-metalica-lineal-200x148.jpg 200w, https:\/\/alvismetales.com\/metalvis\/wp-content\/uploads\/2023\/11\/Reja-metalica-lineal-400x297.jpg 400w, https:\/\/alvismetales.com\/metalvis\/wp-content\/uploads\/2023\/11\/Reja-metalica-lineal-600x445.jpg 600w, https:\/\/alvismetales.com\/metalvis\/wp-content\/uploads\/2023\/11\/Reja-metalica-lineal.jpg 728w\" data-sizes=\"auto\" data-orig-sizes=\"(min-width: 2200px) 100vw, (min-width: 784px) 386px, (min-width: 712px) 579px, (min-width: 640px) 712px, \" \/><div class=\"awb-imageframe-caption-container\"><div class=\"awb-imageframe-caption\"><h2 class=\"awb-imageframe-caption-title\"> <\/h2><p class=\"awb-imageframe-caption-text\">Reja met\u00e1lica lineal<\/p><\/div><\/div><\/a><\/div><\/div><div style=\"padding:11.5px;\" class=\"fusion-grid-column fusion-gallery-column fusion-gallery-column-3\"><div class=\"fusion-gallery-image awb-imageframe-style awb-imageframe-style-dany\"><a href=\"https:\/\/alvismetales.com\/metalvis\/wp-content\/uploads\/2023\/11\/Reja-metalica-modelo-colonial.jpg\" data-title=\"Reja met\u00e1lica modelo colonial\" title=\"Reja met\u00e1lica modelo colonial\" rel=\"noreferrer\" data-rel=\"iLightbox[gallery_image_1]\" class=\"fusion-lightbox\" target=\"_self\"><img decoding=\"async\" src=\"https:\/\/alvismetales.com\/metalvis\/wp-content\/uploads\/2023\/11\/Reja-metalica-modelo-colonial.jpg\" data-orig-src=\"https:\/\/alvismetales.com\/metalvis\/wp-content\/uploads\/2023\/11\/Reja-metalica-modelo-colonial.jpg\" width=\"728\" height=\"540\" alt=\"\" title=\"Reja met\u00e1lica modelo colonial\" aria-label=\"Reja met\u00e1lica modelo colonial\" class=\"lazyload img-responsive wp-image-3467\" srcset=\"data:image\/svg+xml,%3Csvg%20xmlns%3D%27http%3A%2F%2Fwww.w3.org%2F2000%2Fsvg%27%20width%3D%27728%27%20height%3D%27540%27%20viewBox%3D%270%200%20728%20540%27%3E%3Crect%20width%3D%27728%27%20height%3D%27540%27%20fill-opacity%3D%220%22%2F%3E%3C%2Fsvg%3E\" data-srcset=\"https:\/\/alvismetales.com\/metalvis\/wp-content\/uploads\/2023\/11\/Reja-metalica-modelo-colonial-200x148.jpg 200w, https:\/\/alvismetales.com\/metalvis\/wp-content\/uploads\/2023\/11\/Reja-metalica-modelo-colonial-400x297.jpg 400w, https:\/\/alvismetales.com\/metalvis\/wp-content\/uploads\/2023\/11\/Reja-metalica-modelo-colonial-600x445.jpg 600w, https:\/\/alvismetales.com\/metalvis\/wp-content\/uploads\/2023\/11\/Reja-metalica-modelo-colonial.jpg 728w\" data-sizes=\"auto\" data-orig-sizes=\"(min-width: 2200px) 100vw, (min-width: 784px) 386px, (min-width: 712px) 579px, (min-width: 640px) 712px, \" \/><div class=\"awb-imageframe-caption-container\"><div class=\"awb-imageframe-caption\"><h2 class=\"awb-imageframe-caption-title\"> <\/h2><p class=\"awb-imageframe-caption-text\">Reja met\u00e1lica modelo colonial<\/p><\/div><\/div><\/a><\/div><\/div><div class=\"clearfix\"><\/div><div style=\"padding:11.5px;\" class=\"fusion-grid-column fusion-gallery-column fusion-gallery-column-3\"><div class=\"fusion-gallery-image awb-imageframe-style awb-imageframe-style-dany\"><a href=\"https:\/\/alvismetales.com\/metalvis\/wp-content\/uploads\/2023\/11\/Reja-metalica-modelo-gold.jpg\" data-title=\"Reja met\u00e1lica modelo gold\" title=\"Reja met\u00e1lica modelo gold\" rel=\"noreferrer\" data-rel=\"iLightbox[gallery_image_1]\" class=\"fusion-lightbox\" target=\"_self\"><img decoding=\"async\" src=\"https:\/\/alvismetales.com\/metalvis\/wp-content\/uploads\/2023\/11\/Reja-metalica-modelo-gold.jpg\" data-orig-src=\"https:\/\/alvismetales.com\/metalvis\/wp-content\/uploads\/2023\/11\/Reja-metalica-modelo-gold.jpg\" width=\"728\" height=\"540\" alt=\"\" title=\"Reja met\u00e1lica modelo gold\" aria-label=\"Reja met\u00e1lica modelo gold\" class=\"lazyload img-responsive wp-image-3468\" srcset=\"data:image\/svg+xml,%3Csvg%20xmlns%3D%27http%3A%2F%2Fwww.w3.org%2F2000%2Fsvg%27%20width%3D%27728%27%20height%3D%27540%27%20viewBox%3D%270%200%20728%20540%27%3E%3Crect%20width%3D%27728%27%20height%3D%27540%27%20fill-opacity%3D%220%22%2F%3E%3C%2Fsvg%3E\" data-srcset=\"https:\/\/alvismetales.com\/metalvis\/wp-content\/uploads\/2023\/11\/Reja-metalica-modelo-gold-200x148.jpg 200w, https:\/\/alvismetales.com\/metalvis\/wp-content\/uploads\/2023\/11\/Reja-metalica-modelo-gold-400x297.jpg 400w, https:\/\/alvismetales.com\/metalvis\/wp-content\/uploads\/2023\/11\/Reja-metalica-modelo-gold-600x445.jpg 600w, https:\/\/alvismetales.com\/metalvis\/wp-content\/uploads\/2023\/11\/Reja-metalica-modelo-gold.jpg 728w\" data-sizes=\"auto\" data-orig-sizes=\"(min-width: 2200px) 100vw, (min-width: 784px) 386px, (min-width: 712px) 579px, (min-width: 640px) 712px, \" \/><div class=\"awb-imageframe-caption-container\"><div class=\"awb-imageframe-caption\"><h2 class=\"awb-imageframe-caption-title\"> <\/h2><p class=\"awb-imageframe-caption-text\">Reja met\u00e1lica modelo gold<\/p><\/div><\/div><\/a><\/div><\/div><div style=\"padding:11.5px;\" class=\"fusion-grid-column fusion-gallery-column fusion-gallery-column-3\"><div class=\"fusion-gallery-image awb-imageframe-style awb-imageframe-style-dany\"><a href=\"https:\/\/alvismetales.com\/metalvis\/wp-content\/uploads\/2023\/11\/Reja-metalica-plegadiza.jpg\" data-title=\"Reja met\u00e1lica plegadiza\" title=\"Reja met\u00e1lica plegadiza\" rel=\"noreferrer\" data-rel=\"iLightbox[gallery_image_1]\" class=\"fusion-lightbox\" target=\"_self\"><img decoding=\"async\" src=\"https:\/\/alvismetales.com\/metalvis\/wp-content\/uploads\/2023\/11\/Reja-metalica-plegadiza.jpg\" data-orig-src=\"https:\/\/alvismetales.com\/metalvis\/wp-content\/uploads\/2023\/11\/Reja-metalica-plegadiza.jpg\" width=\"728\" height=\"540\" alt=\"\" title=\"Reja met\u00e1lica plegadiza\" aria-label=\"Reja met\u00e1lica plegadiza\" class=\"lazyload img-responsive wp-image-3469\" srcset=\"data:image\/svg+xml,%3Csvg%20xmlns%3D%27http%3A%2F%2Fwww.w3.org%2F2000%2Fsvg%27%20width%3D%27728%27%20height%3D%27540%27%20viewBox%3D%270%200%20728%20540%27%3E%3Crect%20width%3D%27728%27%20height%3D%27540%27%20fill-opacity%3D%220%22%2F%3E%3C%2Fsvg%3E\" data-srcset=\"https:\/\/alvismetales.com\/metalvis\/wp-content\/uploads\/2023\/11\/Reja-metalica-plegadiza-200x148.jpg 200w, https:\/\/alvismetales.com\/metalvis\/wp-content\/uploads\/2023\/11\/Reja-metalica-plegadiza-400x297.jpg 400w, https:\/\/alvismetales.com\/metalvis\/wp-content\/uploads\/2023\/11\/Reja-metalica-plegadiza-600x445.jpg 600w, https:\/\/alvismetales.com\/metalvis\/wp-content\/uploads\/2023\/11\/Reja-metalica-plegadiza.jpg 728w\" data-sizes=\"auto\" data-orig-sizes=\"(min-width: 2200px) 100vw, (min-width: 784px) 386px, (min-width: 712px) 579px, (min-width: 640px) 712px, \" \/><div class=\"awb-imageframe-caption-container\"><div class=\"awb-imageframe-caption\"><h2 class=\"awb-imageframe-caption-title\"> <\/h2><p class=\"awb-imageframe-caption-text\">Reja met\u00e1lica plegadiza<\/p><\/div><\/div><\/a><\/div><\/div><div style=\"padding:11.5px;\" class=\"fusion-grid-column fusion-gallery-column fusion-gallery-column-3\"><div class=\"fusion-gallery-image awb-imageframe-style awb-imageframe-style-dany\"><a href=\"https:\/\/alvismetales.com\/metalvis\/wp-content\/uploads\/2023\/11\/Reja-metalica-vehicular.jpg\" data-title=\"Reja met\u00e1lica vehicular\" title=\"Reja met\u00e1lica vehicular\" rel=\"noreferrer\" data-rel=\"iLightbox[gallery_image_1]\" class=\"fusion-lightbox\" target=\"_self\"><img decoding=\"async\" src=\"https:\/\/alvismetales.com\/metalvis\/wp-content\/uploads\/2023\/11\/Reja-metalica-vehicular.jpg\" data-orig-src=\"https:\/\/alvismetales.com\/metalvis\/wp-content\/uploads\/2023\/11\/Reja-metalica-vehicular.jpg\" width=\"728\" height=\"540\" alt=\"\" title=\"Reja met\u00e1lica vehicular\" aria-label=\"Reja met\u00e1lica vehicular\" class=\"lazyload img-responsive wp-image-3470\" srcset=\"data:image\/svg+xml,%3Csvg%20xmlns%3D%27http%3A%2F%2Fwww.w3.org%2F2000%2Fsvg%27%20width%3D%27728%27%20height%3D%27540%27%20viewBox%3D%270%200%20728%20540%27%3E%3Crect%20width%3D%27728%27%20height%3D%27540%27%20fill-opacity%3D%220%22%2F%3E%3C%2Fsvg%3E\" data-srcset=\"https:\/\/alvismetales.com\/metalvis\/wp-content\/uploads\/2023\/11\/Reja-metalica-vehicular-200x148.jpg 200w, https:\/\/alvismetales.com\/metalvis\/wp-content\/uploads\/2023\/11\/Reja-metalica-vehicular-400x297.jpg 400w, https:\/\/alvismetales.com\/metalvis\/wp-content\/uploads\/2023\/11\/Reja-metalica-vehicular-600x445.jpg 600w, https:\/\/alvismetales.com\/metalvis\/wp-content\/uploads\/2023\/11\/Reja-metalica-vehicular.jpg 728w\" data-sizes=\"auto\" data-orig-sizes=\"(min-width: 2200px) 100vw, (min-width: 784px) 386px, (min-width: 712px) 579px, (min-width: 640px) 712px, \" \/><div class=\"awb-imageframe-caption-container\"><div class=\"awb-imageframe-caption\"><h2 class=\"awb-imageframe-caption-title\"> <\/h2><p class=\"awb-imageframe-caption-text\">Reja met\u00e1lica vehicular<\/p><\/div><\/div><\/a><\/div><\/div><div class=\"clearfix\"><\/div><\/div><\/div><\/div><\/div><\/div><\/div>\n","protected":false},"excerpt":{"rendered":"","protected":false},"author":1,"featured_media":3361,"comment_status":"open","ping_status":"open","sticky":false,"template":"","format":"gallery","meta":{"footnotes":""},"categories":[42],"tags":[],"class_list":["post-2961","post","type-post","status-publish","format-gallery","has-post-thumbnail","hentry","category-servicios-metalvis","post_format-post-format-gallery"],"yoast_head":"<!-- This site is optimized with the Yoast SEO plugin v23.1 - https:\/\/yoast.com\/wordpress\/plugins\/seo\/ -->\n<title>Rejas y cercos de seguridad - Metalvis<\/title>\n<meta name=\"robots\" content=\"index, follow, max-snippet:-1, max-image-preview:large, max-video-preview:-1\" \/>\n<link rel=\"canonical\" href=\"https:\/\/alvismetales.com\/metalvis\/rejas-metalicas\/\" \/>\n<meta property=\"og:locale\" content=\"es_ES\" \/>\n<meta property=\"og:type\" content=\"article\" \/>\n<meta property=\"og:title\" content=\"Rejas y cercos de seguridad - Metalvis\" \/>\n<meta property=\"og:url\" content=\"https:\/\/alvismetales.com\/metalvis\/rejas-metalicas\/\" \/>\n<meta property=\"og:site_name\" content=\"Metalvis\" \/>\n<meta property=\"article:published_time\" content=\"2023-10-10T06:43:34+00:00\" \/>\n<meta property=\"article:modified_time\" content=\"2024-07-24T00:30:02+00:00\" \/>\n<meta property=\"og:image\" content=\"https:\/\/alvismetales.com\/metalvis\/wp-content\/uploads\/2023\/11\/metalvis_0005_Rejas.jpg\" \/>\n\t<meta property=\"og:image:width\" content=\"1024\" \/>\n\t<meta property=\"og:image:height\" content=\"768\" \/>\n\t<meta property=\"og:image:type\" content=\"image\/jpeg\" \/>\n<meta name=\"author\" content=\"metalvis\" \/>\n<meta name=\"twitter:card\" content=\"summary_large_image\" \/>\n<meta name=\"twitter:label1\" content=\"Escrito por\" \/>\n\t<meta name=\"twitter:data1\" content=\"metalvis\" \/>\n\t<meta name=\"twitter:label2\" content=\"Tiempo de lectura\" \/>\n\t<meta name=\"twitter:data2\" content=\"1 minuto\" \/>\n<script type=\"application\/ld+json\" class=\"yoast-schema-graph\">{\"@context\":\"https:\/\/schema.org\",\"@graph\":[{\"@type\":\"WebPage\",\"@id\":\"https:\/\/alvismetales.com\/metalvis\/rejas-metalicas\/\",\"url\":\"https:\/\/alvismetales.com\/metalvis\/rejas-metalicas\/\",\"name\":\"Rejas y cercos de seguridad - Metalvis\",\"isPartOf\":{\"@id\":\"https:\/\/alvismetales.com\/metalvis\/#website\"},\"primaryImageOfPage\":{\"@id\":\"https:\/\/alvismetales.com\/metalvis\/rejas-metalicas\/#primaryimage\"},\"image\":{\"@id\":\"https:\/\/alvismetales.com\/metalvis\/rejas-metalicas\/#primaryimage\"},\"thumbnailUrl\":\"https:\/\/alvismetales.com\/metalvis\/wp-content\/uploads\/2023\/11\/metalvis_0005_Rejas.jpg\",\"datePublished\":\"2023-10-10T06:43:34+00:00\",\"dateModified\":\"2024-07-24T00:30:02+00:00\",\"author\":{\"@id\":\"https:\/\/alvismetales.com\/metalvis\/#\/schema\/person\/a486280040cf721c3f0824911a8d3edc\"},\"breadcrumb\":{\"@id\":\"https:\/\/alvismetales.com\/metalvis\/rejas-metalicas\/#breadcrumb\"},\"inLanguage\":\"es\",\"potentialAction\":[{\"@type\":\"ReadAction\",\"target\":[\"https:\/\/alvismetales.com\/metalvis\/rejas-metalicas\/\"]}]},{\"@type\":\"ImageObject\",\"inLanguage\":\"es\",\"@id\":\"https:\/\/alvismetales.com\/metalvis\/rejas-metalicas\/#primaryimage\",\"url\":\"https:\/\/alvismetales.com\/metalvis\/wp-content\/uploads\/2023\/11\/metalvis_0005_Rejas.jpg\",\"contentUrl\":\"https:\/\/alvismetales.com\/metalvis\/wp-content\/uploads\/2023\/11\/metalvis_0005_Rejas.jpg\",\"width\":1024,\"height\":768},{\"@type\":\"BreadcrumbList\",\"@id\":\"https:\/\/alvismetales.com\/metalvis\/rejas-metalicas\/#breadcrumb\",\"itemListElement\":[{\"@type\":\"ListItem\",\"position\":1,\"name\":\"Portada\",\"item\":\"https:\/\/alvismetales.com\/metalvis\/\"},{\"@type\":\"ListItem\",\"position\":2,\"name\":\"Rejas y cercos de seguridad\"}]},{\"@type\":\"WebSite\",\"@id\":\"https:\/\/alvismetales.com\/metalvis\/#website\",\"url\":\"https:\/\/alvismetales.com\/metalvis\/\",\"name\":\"Metalvis\",\"description\":\"\",\"potentialAction\":[{\"@type\":\"SearchAction\",\"target\":{\"@type\":\"EntryPoint\",\"urlTemplate\":\"https:\/\/alvismetales.com\/metalvis\/?s={search_term_string}\"},\"query-input\":\"required name=search_term_string\"}],\"inLanguage\":\"es\"},{\"@type\":\"Person\",\"@id\":\"https:\/\/alvismetales.com\/metalvis\/#\/schema\/person\/a486280040cf721c3f0824911a8d3edc\",\"name\":\"metalvis\",\"image\":{\"@type\":\"ImageObject\",\"inLanguage\":\"es\",\"@id\":\"https:\/\/alvismetales.com\/metalvis\/#\/schema\/person\/image\/\",\"url\":\"https:\/\/secure.gravatar.com\/avatar\/bbe6bf6d0f2608d38851eade1111b4f67b7918de13a0a12f7f1477803ce7cb95?s=96&d=mm&r=g\",\"contentUrl\":\"https:\/\/secure.gravatar.com\/avatar\/bbe6bf6d0f2608d38851eade1111b4f67b7918de13a0a12f7f1477803ce7cb95?s=96&d=mm&r=g\",\"caption\":\"metalvis\"},\"sameAs\":[\"https:\/\/alvismetales.com\/metalvis\"],\"url\":\"https:\/\/alvismetales.com\/metalvis\/author\/metalvis\/\"}]}<\/script>\n<!-- \/ Yoast SEO plugin. -->","yoast_head_json":{"title":"Rejas y cercos de seguridad - Metalvis","robots":{"index":"index","follow":"follow","max-snippet":"max-snippet:-1","max-image-preview":"max-image-preview:large","max-video-preview":"max-video-preview:-1"},"canonical":"https:\/\/alvismetales.com\/metalvis\/rejas-metalicas\/","og_locale":"es_ES","og_type":"article","og_title":"Rejas y cercos de seguridad - Metalvis","og_url":"https:\/\/alvismetales.com\/metalvis\/rejas-metalicas\/","og_site_name":"Metalvis","article_published_time":"2023-10-10T06:43:34+00:00","article_modified_time":"2024-07-24T00:30:02+00:00","og_image":[{"width":1024,"height":768,"url":"https:\/\/alvismetales.com\/metalvis\/wp-content\/uploads\/2023\/11\/metalvis_0005_Rejas.jpg","type":"image\/jpeg"}],"author":"metalvis","twitter_card":"summary_large_image","twitter_misc":{"Escrito por":"metalvis","Tiempo de lectura":"1 minuto"},"schema":{"@context":"https:\/\/schema.org","@graph":[{"@type":"WebPage","@id":"https:\/\/alvismetales.com\/metalvis\/rejas-metalicas\/","url":"https:\/\/alvismetales.com\/metalvis\/rejas-metalicas\/","name":"Rejas y cercos de seguridad - Metalvis","isPartOf":{"@id":"https:\/\/alvismetales.com\/metalvis\/#website"},"primaryImageOfPage":{"@id":"https:\/\/alvismetales.com\/metalvis\/rejas-metalicas\/#primaryimage"},"image":{"@id":"https:\/\/alvismetales.com\/metalvis\/rejas-metalicas\/#primaryimage"},"thumbnailUrl":"https:\/\/alvismetales.com\/metalvis\/wp-content\/uploads\/2023\/11\/metalvis_0005_Rejas.jpg","datePublished":"2023-10-10T06:43:34+00:00","dateModified":"2024-07-24T00:30:02+00:00","author":{"@id":"https:\/\/alvismetales.com\/metalvis\/#\/schema\/person\/a486280040cf721c3f0824911a8d3edc"},"breadcrumb":{"@id":"https:\/\/alvismetales.com\/metalvis\/rejas-metalicas\/#breadcrumb"},"inLanguage":"es","potentialAction":[{"@type":"ReadAction","target":["https:\/\/alvismetales.com\/metalvis\/rejas-metalicas\/"]}]},{"@type":"ImageObject","inLanguage":"es","@id":"https:\/\/alvismetales.com\/metalvis\/rejas-metalicas\/#primaryimage","url":"https:\/\/alvismetales.com\/metalvis\/wp-content\/uploads\/2023\/11\/metalvis_0005_Rejas.jpg","contentUrl":"https:\/\/alvismetales.com\/metalvis\/wp-content\/uploads\/2023\/11\/metalvis_0005_Rejas.jpg","width":1024,"height":768},{"@type":"BreadcrumbList","@id":"https:\/\/alvismetales.com\/metalvis\/rejas-metalicas\/#breadcrumb","itemListElement":[{"@type":"ListItem","position":1,"name":"Portada","item":"https:\/\/alvismetales.com\/metalvis\/"},{"@type":"ListItem","position":2,"name":"Rejas y cercos de seguridad"}]},{"@type":"WebSite","@id":"https:\/\/alvismetales.com\/metalvis\/#website","url":"https:\/\/alvismetales.com\/metalvis\/","name":"Metalvis","description":"","potentialAction":[{"@type":"SearchAction","target":{"@type":"EntryPoint","urlTemplate":"https:\/\/alvismetales.com\/metalvis\/?s={search_term_string}"},"query-input":"required name=search_term_string"}],"inLanguage":"es"},{"@type":"Person","@id":"https:\/\/alvismetales.com\/metalvis\/#\/schema\/person\/a486280040cf721c3f0824911a8d3edc","name":"metalvis","image":{"@type":"ImageObject","inLanguage":"es","@id":"https:\/\/alvismetales.com\/metalvis\/#\/schema\/person\/image\/","url":"https:\/\/secure.gravatar.com\/avatar\/bbe6bf6d0f2608d38851eade1111b4f67b7918de13a0a12f7f1477803ce7cb95?s=96&d=mm&r=g","contentUrl":"https:\/\/secure.gravatar.com\/avatar\/bbe6bf6d0f2608d38851eade1111b4f67b7918de13a0a12f7f1477803ce7cb95?s=96&d=mm&r=g","caption":"metalvis"},"sameAs":["https:\/\/alvismetales.com\/metalvis"],"url":"https:\/\/alvismetales.com\/metalvis\/author\/metalvis\/"}]}},"_links":{"self":[{"href":"https:\/\/alvismetales.com\/metalvis\/wp-json\/wp\/v2\/posts\/2961","targetHints":{"allow":["GET"]}}],"collection":[{"href":"https:\/\/alvismetales.com\/metalvis\/wp-json\/wp\/v2\/posts"}],"about":[{"href":"https:\/\/alvismetales.com\/metalvis\/wp-json\/wp\/v2\/types\/post"}],"author":[{"embeddable":true,"href":"https:\/\/alvismetales.com\/metalvis\/wp-json\/wp\/v2\/users\/1"}],"replies":[{"embeddable":true,"href":"https:\/\/alvismetales.com\/metalvis\/wp-json\/wp\/v2\/comments?post=2961"}],"version-history":[{"count":15,"href":"https:\/\/alvismetales.com\/metalvis\/wp-json\/wp\/v2\/posts\/2961\/revisions"}],"predecessor-version":[{"id":3855,"href":"https:\/\/alvismetales.com\/metalvis\/wp-json\/wp\/v2\/posts\/2961\/revisions\/3855"}],"wp:featuredmedia":[{"embeddable":true,"href":"https:\/\/alvismetales.com\/metalvis\/wp-json\/wp\/v2\/media\/3361"}],"wp:attachment":[{"href":"https:\/\/alvismetales.com\/metalvis\/wp-json\/wp\/v2\/media?parent=2961"}],"wp:term":[{"taxonomy":"category","embeddable":true,"href":"https:\/\/alvismetales.com\/metalvis\/wp-json\/wp\/v2\/categories?post=2961"},{"taxonomy":"post_tag","embeddable":true,"href":"https:\/\/alvismetales.com\/metalvis\/wp-json\/wp\/v2\/tags?post=2961"}],"curies":[{"name":"wp","href":"https:\/\/api.w.org\/{rel}","templated":true}]}}