{"id":2824,"date":"2023-10-06T21:37:51","date_gmt":"2023-10-06T21:37:51","guid":{"rendered":"https:\/\/alvismetales.com\/metalvis\/?p=2824"},"modified":"2024-07-24T00:30:24","modified_gmt":"2024-07-24T00:30:24","slug":"barandas-metalicas","status":"publish","type":"post","link":"https:\/\/alvismetales.com\/metalvis\/barandas-metalicas\/","title":{"rendered":"Barandas Met\u00e1licas"},"content":{"rendered":"<div class=\"fusion-fullwidth fullwidth-box fusion-builder-row-1 fusion-flex-container nonhundred-percent-fullwidth non-hundred-percent-height-scrolling\" style=\"--awb-border-radius-top-left:0px;--awb-border-radius-top-right:0px;--awb-border-radius-bottom-right:0px;--awb-border-radius-bottom-left:0px;--awb-margin-top:50px;--awb-margin-bottom:50px;--awb-flex-wrap:wrap;\" ><div class=\"fusion-builder-row fusion-row fusion-flex-align-items-flex-start fusion-flex-content-wrap\" style=\"max-width:1227.2px;margin-left: calc(-4% \/ 2 );margin-right: calc(-4% \/ 2 );\"><div class=\"fusion-layout-column fusion_builder_column fusion-builder-column-0 awb-sticky awb-sticky-small awb-sticky-medium awb-sticky-large fusion_builder_column_1_5 1_5 fusion-flex-column\" style=\"--awb-bg-blend:exclusion;--awb-bg-repeat:repeat-y;--awb-width-large:20%;--awb-margin-top-large:15px;--awb-spacing-right-large:0px;--awb-margin-bottom-large:15px;--awb-spacing-left-large:0px;--awb-width-medium:100%;--awb-order-medium:0;--awb-spacing-right-medium:1.92%;--awb-spacing-left-medium:1.92%;--awb-width-small:100%;--awb-order-small:1;--awb-spacing-right-small:1.92%;--awb-spacing-left-small:1.92%;\"><div class=\"fusion-column-wrapper fusion-column-has-shadow fusion-flex-justify-content-flex-start fusion-content-layout-column\"><div class=\"fusion-text fusion-text-1\" style=\"--awb-font-size:20px;--awb-text-color:var(--awb-color4);--awb-text-font-family:&quot;Poppins&quot;;--awb-text-font-style:normal;--awb-text-font-weight:700;\"><p><u>Conoce m\u00e1s sobre:<\/u><\/p>\n<\/div><nav class=\"awb-menu awb-menu_column awb-menu_em-hover mobile-mode-always-expanded awb-menu_icons-right awb-menu_dc-yes mobile-trigger-fullwidth-off awb-menu_mobile-toggle awb-menu_indent-left loading mega-menu-loading awb-menu_desktop awb-menu_arrows-main awb-menu_dropdown awb-menu_expand-right awb-menu_transition-fade\" style=\"--awb-gap:20px;--awb-active-color:var(--awb-custom_color_2);--awb-submenu-sep-color:#050505;--awb-icons-size:22;--awb-icons-hover-color:var(--awb-custom_color_2);--awb-arrows-size-height:5px;--awb-arrows-size-width:5px;--awb-main-justify-content:flex-start;--awb-mobile-nav-items-height:10;--awb-mobile-justify:flex-start;--awb-mobile-caret-left:auto;--awb-mobile-caret-right:0;--awb-fusion-font-family-typography:&quot;Montserrat&quot;;--awb-fusion-font-style-typography:normal;--awb-fusion-font-weight-typography:700;--awb-fusion-font-family-submenu-typography:inherit;--awb-fusion-font-style-submenu-typography:normal;--awb-fusion-font-weight-submenu-typography:400;--awb-fusion-font-family-mobile-typography:inherit;--awb-fusion-font-style-mobile-typography:normal;--awb-fusion-font-weight-mobile-typography:400;\" aria-label=\"menu_servicios\" data-breakpoint=\"1000\" data-count=\"0\" data-transition-type=\"fade\" data-transition-time=\"300\" data-expand=\"right\"><button type=\"button\" class=\"awb-menu__m-toggle awb-menu__m-toggle_no-text\" aria-expanded=\"false\" aria-controls=\"menu-menu_servicios\"><span class=\"awb-menu__m-toggle-inner\"><span class=\"collapsed-nav-text\"><span class=\"screen-reader-text\">Toggle Navigation<\/span><\/span><span class=\"awb-menu__m-collapse-icon awb-menu__m-collapse-icon_no-text\"><span class=\"awb-menu__m-collapse-icon-open awb-menu__m-collapse-icon-open_no-text fa-angle-right fas\"><\/span><span class=\"awb-menu__m-collapse-icon-close awb-menu__m-collapse-icon-close_no-text fa-times fas\"><\/span><\/span><\/span><\/button><ul id=\"menu-menu_servicios\" class=\"fusion-menu awb-menu__main-ul awb-menu__main-ul_column\"><li  id=\"menu-item-3032\"  class=\"menu-item menu-item-type-post_type menu-item-object-post menu-item-3032 awb-menu__li awb-menu__main-li awb-menu__main-li_regular\"  data-item-id=\"3032\"><span class=\"awb-menu__main-background-default awb-menu__main-background-default_fade\"><\/span><span class=\"awb-menu__main-background-active awb-menu__main-background-active_fade\"><\/span><a  href=\"https:\/\/alvismetales.com\/metalvis\/puertas-metalicas\/\" class=\"awb-menu__main-a awb-menu__main-a_regular fusion-flex-link\"><span class=\"menu-text\">Puertas met\u00e1licas<\/span><span class=\"awb-menu__i awb-menu__i_main fusion-megamenu-icon\"><i class=\"glyphicon fa-angle-double-right fas\" aria-hidden=\"true\"><\/i><\/span><\/a><\/li><li  id=\"menu-item-3031\"  class=\"menu-item menu-item-type-post_type menu-item-object-post menu-item-3031 awb-menu__li awb-menu__main-li awb-menu__main-li_regular\"  data-item-id=\"3031\"><span class=\"awb-menu__main-background-default awb-menu__main-background-default_fade\"><\/span><span class=\"awb-menu__main-background-active awb-menu__main-background-active_fade\"><\/span><a  href=\"https:\/\/alvismetales.com\/metalvis\/barandas-metalicas\/\" class=\"awb-menu__main-a awb-menu__main-a_regular fusion-flex-link\"><span class=\"menu-text\">Barandas Met\u00e1licas<\/span><span class=\"awb-menu__i awb-menu__i_main fusion-megamenu-icon\"><i class=\"glyphicon fa-angle-double-right fas\" aria-hidden=\"true\"><\/i><\/span><\/a><\/li><li  id=\"menu-item-3028\"  class=\"menu-item menu-item-type-post_type menu-item-object-post menu-item-3028 awb-menu__li awb-menu__main-li awb-menu__main-li_regular\"  data-item-id=\"3028\"><span class=\"awb-menu__main-background-default awb-menu__main-background-default_fade\"><\/span><span class=\"awb-menu__main-background-active awb-menu__main-background-active_fade\"><\/span><a  href=\"https:\/\/alvismetales.com\/metalvis\/portones-metalicos\/\" class=\"awb-menu__main-a awb-menu__main-a_regular fusion-flex-link\"><span class=\"menu-text\">Portones para viviendas<\/span><span class=\"awb-menu__i awb-menu__i_main fusion-megamenu-icon\"><i class=\"glyphicon fa-angle-double-right fas\" aria-hidden=\"true\"><\/i><\/span><\/a><\/li><li  id=\"menu-item-3026\"  class=\"menu-item menu-item-type-post_type menu-item-object-post menu-item-3026 awb-menu__li awb-menu__main-li awb-menu__main-li_regular\"  data-item-id=\"3026\"><span class=\"awb-menu__main-background-default awb-menu__main-background-default_fade\"><\/span><span class=\"awb-menu__main-background-active awb-menu__main-background-active_fade\"><\/span><a  href=\"https:\/\/alvismetales.com\/metalvis\/escaleras-metalicas\/\" class=\"awb-menu__main-a awb-menu__main-a_regular fusion-flex-link\"><span class=\"menu-text\">Escaleras Met\u00e1licas<\/span><span class=\"awb-menu__i awb-menu__i_main fusion-megamenu-icon\"><i class=\"glyphicon fa-angle-double-right fas\" aria-hidden=\"true\"><\/i><\/span><\/a><\/li><li  id=\"menu-item-3340\"  class=\"menu-item menu-item-type-post_type menu-item-object-post menu-item-3340 awb-menu__li awb-menu__main-li awb-menu__main-li_regular\"  data-item-id=\"3340\"><span class=\"awb-menu__main-background-default awb-menu__main-background-default_fade\"><\/span><span class=\"awb-menu__main-background-active awb-menu__main-background-active_fade\"><\/span><a  href=\"https:\/\/alvismetales.com\/metalvis\/escaleras-caracol\/\" class=\"awb-menu__main-a awb-menu__main-a_regular fusion-flex-link\"><span class=\"menu-text\">Escaleras Caracol<\/span><span class=\"awb-menu__i awb-menu__i_main fusion-megamenu-icon\"><i class=\"glyphicon fa-angle-double-right fas\" aria-hidden=\"true\"><\/i><\/span><\/a><\/li><li  id=\"menu-item-3030\"  class=\"menu-item menu-item-type-post_type menu-item-object-post menu-item-3030 awb-menu__li awb-menu__main-li awb-menu__main-li_regular\"  data-item-id=\"3030\"><span class=\"awb-menu__main-background-default awb-menu__main-background-default_fade\"><\/span><span class=\"awb-menu__main-background-active awb-menu__main-background-active_fade\"><\/span><a  href=\"https:\/\/alvismetales.com\/metalvis\/rejas-metalicas\/\" class=\"awb-menu__main-a awb-menu__main-a_regular fusion-flex-link\"><span class=\"menu-text\">Rejas y cercos de seguridad<\/span><span class=\"awb-menu__i awb-menu__i_main fusion-megamenu-icon\"><i class=\"glyphicon fa-angle-double-right fas\" aria-hidden=\"true\"><\/i><\/span><\/a><\/li><li  id=\"menu-item-3027\"  class=\"menu-item menu-item-type-post_type menu-item-object-post menu-item-3027 awb-menu__li awb-menu__main-li awb-menu__main-li_regular\"  data-item-id=\"3027\"><span class=\"awb-menu__main-background-default awb-menu__main-background-default_fade\"><\/span><span class=\"awb-menu__main-background-active awb-menu__main-background-active_fade\"><\/span><a  href=\"https:\/\/alvismetales.com\/metalvis\/protectores-de-ventana\/\" class=\"awb-menu__main-a awb-menu__main-a_regular fusion-flex-link\"><span class=\"menu-text\">Protectores de Ventana<\/span><span class=\"awb-menu__i awb-menu__i_main fusion-megamenu-icon\"><i class=\"glyphicon fa-angle-double-right fas\" aria-hidden=\"true\"><\/i><\/span><\/a><\/li><li  id=\"menu-item-3029\"  class=\"menu-item menu-item-type-post_type menu-item-object-post menu-item-3029 awb-menu__li awb-menu__main-li awb-menu__main-li_regular\"  data-item-id=\"3029\"><span class=\"awb-menu__main-background-default awb-menu__main-background-default_fade\"><\/span><span class=\"awb-menu__main-background-active awb-menu__main-background-active_fade\"><\/span><a  href=\"https:\/\/alvismetales.com\/metalvis\/techos-metalicos\/\" class=\"awb-menu__main-a awb-menu__main-a_regular fusion-flex-link\"><span class=\"menu-text\">Techos para viviendas<\/span><span class=\"awb-menu__i awb-menu__i_main fusion-megamenu-icon\"><i class=\"glyphicon fa-angle-double-right fas\" aria-hidden=\"true\"><\/i><\/span><\/a><\/li><\/ul><\/nav><\/div><\/div><div class=\"fusion-layout-column fusion_builder_column fusion-builder-column-1 fusion_builder_column_4_5 4_5 fusion-flex-column\" style=\"--awb-bg-blend:overlay;--awb-bg-size:cover;--awb-width-large:80%;--awb-margin-top-large:0px;--awb-spacing-right-large:0px;--awb-margin-bottom-large:0px;--awb-spacing-left-large:0px;--awb-width-medium:100%;--awb-spacing-right-medium:1.92%;--awb-spacing-left-medium:1.92%;--awb-width-small:100%;--awb-spacing-right-small:1.92%;--awb-spacing-left-small:1.92%;\"><div class=\"fusion-column-wrapper fusion-flex-justify-content-flex-start fusion-content-layout-column\"><div class=\"fusion-image-element \" style=\"text-align:center;--awb-margin-bottom:10px;--awb-caption-title-font-family:var(--h2_typography-font-family);--awb-caption-title-font-weight:var(--h2_typography-font-weight);--awb-caption-title-font-style:var(--h2_typography-font-style);--awb-caption-title-size:var(--h2_typography-font-size);--awb-caption-title-transform:var(--h2_typography-text-transform);--awb-caption-title-line-height:var(--h2_typography-line-height);--awb-caption-title-letter-spacing:var(--h2_typography-letter-spacing);\"><span class=\" fusion-imageframe imageframe-none imageframe-1 hover-type-none\"><img decoding=\"async\" width=\"533\" height=\"400\" title=\"barandas-metalicas-trabajador_Optimizado\" src=\"https:\/\/alvismetales.com\/metalvis\/wp-content\/uploads\/2023\/12\/barandas-metalicas-trabajador_Optimizado.png\" data-orig-src=\"https:\/\/alvismetales.com\/metalvis\/wp-content\/uploads\/2023\/12\/barandas-metalicas-trabajador_Optimizado.png\" alt class=\"lazyload img-responsive wp-image-3722\" srcset=\"data:image\/svg+xml,%3Csvg%20xmlns%3D%27http%3A%2F%2Fwww.w3.org%2F2000%2Fsvg%27%20width%3D%27533%27%20height%3D%27400%27%20viewBox%3D%270%200%20533%20400%27%3E%3Crect%20width%3D%27533%27%20height%3D%27400%27%20fill-opacity%3D%220%22%2F%3E%3C%2Fsvg%3E\" data-srcset=\"https:\/\/alvismetales.com\/metalvis\/wp-content\/uploads\/2023\/12\/barandas-metalicas-trabajador_Optimizado-200x150.png 200w, https:\/\/alvismetales.com\/metalvis\/wp-content\/uploads\/2023\/12\/barandas-metalicas-trabajador_Optimizado-400x300.png 400w, https:\/\/alvismetales.com\/metalvis\/wp-content\/uploads\/2023\/12\/barandas-metalicas-trabajador_Optimizado.png 533w\" data-sizes=\"auto\" data-orig-sizes=\"(max-width: 1000px) 100vw, (max-width: 640px) 100vw, 533px\" \/><\/span><\/div><div class=\"fusion-title title fusion-title-1 fusion-sep-none fusion-title-center fusion-title-highlight fusion-loop-on fusion-highlight-underline_zigzag fusion-title-size-one\" style=\"--awb-text-color:var(--awb-color4);--awb-highlight-width:4;--awb-margin-top:0px;--awb-font-size:45px;\" data-highlight=\"underline_zigzag\"><h1 class=\"fusion-title-heading title-heading-center fusion-responsive-typography-calculated\" style=\"font-family:&quot;Montserrat&quot;;font-style:normal;font-weight:700;margin:0;font-size:1em;--fontSize:45;line-height:var(--awb-typography1-line-height);\"><span class=\"fusion-highlighted-text-prefix\">\u00a1Descubre el equilibrio perfecto entre belleza y solidez con nuestras<\/span> <span class=\"fusion-highlighted-text-wrapper\"><span class=\"fusion-highlighted-text\">barandas met\u00e1licas<\/span><\/span> <span class=\"fusion-highlighted-text-postfix\">!<\/span><\/h1><\/div><ul style=\"--awb-size:20px;--awb-textcolor:var(--awb-color4);--awb-line-height:34px;--awb-icon-width:34px;--awb-icon-height:34px;--awb-icon-margin:14px;--awb-content-margin:48px;\" class=\"fusion-checklist fusion-checklist-1 fusion-checklist-default type-icons\"><li class=\"fusion-li-item\" style=\"\"><span class=\"icon-wrapper circle-no\"><i class=\"fusion-li-icon fa-check-circle fas\" aria-hidden=\"true\"><\/i><\/span><div class=\"fusion-li-item-content\">\n<p>Nuestras barandas son el resultado de la pasi\u00f3n y el cuidado que nuestro equipo de expertos da en cada detalle de la fabricaci\u00f3n. Seleccionamos materiales resistentes premium, para asegurarnos de que nuestras barandas soporten las pruebas del tiempo y las condiciones m\u00e1s adversas.<\/p>\n<\/div><\/li><li class=\"fusion-li-item\" style=\"\"><span class=\"icon-wrapper circle-no\"><i class=\"fusion-li-icon fa-check-circle fas\" aria-hidden=\"true\"><\/i><\/span><div class=\"fusion-li-item-content\">\n<p>Dale a tu hogar un toque de elegancia y seguridad, conf\u00eda en nosotros para renovar tu espacio con lo mejor en barandas met\u00e1licas. Tambi\u00e9n trabajamos con dise\u00f1os personalizados d\u00f3nde puedes variar el n\u00famero de divisores y la forma del balaustre.<\/p>\n<\/div><\/li><li class=\"fusion-li-item\" style=\"\"><span class=\"icon-wrapper circle-no\"><i class=\"fusion-li-icon fa-check-circle fas\" aria-hidden=\"true\"><\/i><\/span><div class=\"fusion-li-item-content\">\n<p>No solo estamos comprometidos a ofrecerte productos de alta calidad, sino tambi\u00e9n una experiencia excepcional en todo el proceso. Nuestro equipo altamente capacitado te guiar\u00e1 y asesorar\u00e1 en cada paso del camino, desde la selecci\u00f3n del dise\u00f1o hasta la instalaci\u00f3n impecable. Tu satisfacci\u00f3n es nuestra prioridad, y trabajamos incansablemente para entregarte un producto que de exclusividad a tu hogar.<\/p>\n<\/div><\/li><li class=\"fusion-li-item\" style=\"\"><span class=\"icon-wrapper circle-no\"><i class=\"fusion-li-icon fa-check-circle fas\" aria-hidden=\"true\"><\/i><\/span><div class=\"fusion-li-item-content\">\n<p>Si buscas barandas met\u00e1licas que reflejen la esencia de tu hogar y transmitan la sensaci\u00f3n de lujo y protecci\u00f3n, est\u00e1s en el lugar adecuado. D\u00e9janos ser tu aliado en la creaci\u00f3n de espacios \u00fanicos y seguros para ti y tu familia.<\/p>\n<\/div><\/li><li class=\"fusion-li-item\" style=\"\"><span class=\"icon-wrapper circle-no\"><i class=\"fusion-li-icon fa-phone-alt fas\" aria-hidden=\"true\"><\/i><\/span><div class=\"fusion-li-item-content\">\n<p><span style=\"font-weight: 400;\">Cont\u00e1ctanos hoy mismo y descubre por qu\u00e9 somos la elecci\u00f3n preferida de aquellos que buscan lo mejor en carpinter\u00eda met\u00e1lica. Tu hogar merece lo extraordinario, y nosotros estamos listos para hacerlo realidad.<\/span><\/p>\n<\/div><\/li><\/ul><div style=\"text-align:center;\"><a class=\"fusion-button button-3d button-xlarge button-custom fusion-button-default button-1 fusion-button-span-no fondoamarillodegradado\" style=\"--button_accent_color:var(--awb-color4);--button_border_color:var(--awb-color4);--button_accent_hover_color:var(--awb-color1);--button_border_hover_color:var(--awb-color1);--button-border-radius-top-left:10px;--button-border-radius-top-right:10px;--button-border-radius-bottom-right:10px;--button-border-radius-bottom-left:10px;--button_gradient_top_color:var(--awb-color4);--button_gradient_bottom_color:var(--awb-color4);--button_gradient_top_color_hover:var(--awb-color4);--button_gradient_bottom_color_hover:var(--awb-color4);--button_typography-font-family:var(--awb-typography1-font-family);--button_typography-font-weight:var(--awb-typography1-font-weight);--button_typography-font-style:var(--awb-typography1-font-style);--button_margin-top:30px;\" target=\"_blank\" rel=\"noopener noreferrer\" href=\"https:\/\/wa.link\/m57tux\"><i class=\"fa-whatsapp fab button-icon-left\" aria-hidden=\"true\"><\/i><span class=\"fusion-button-text\">Cont\u00e1ctanos ahora mismo y perm\u00edtenos ser parte de tu seguridad<\/span><\/a><\/div><div class=\"awb-gallery-wrapper awb-gallery-wrapper-1 button-span-no\" style=\"--more-btn-alignment:center;margin-top:50px;margin-bottom:50px;\"><div style=\"margin:-11px;--awb-bordersize:0px;--awb-bordercolor:var(--awb-color1);\" class=\"fusion-gallery fusion-gallery-container fusion-grid-3 fusion-columns-total-11 fusion-gallery-layout-grid fusion-gallery-1\"><div style=\"padding:11.5px;\" class=\"fusion-grid-column fusion-gallery-column fusion-gallery-column-3\"><div class=\"fusion-gallery-image awb-imageframe-style awb-imageframe-style-dany\"><a href=\"https:\/\/alvismetales.com\/metalvis\/wp-content\/uploads\/2023\/11\/Baranda-metalica-Baloustres-Verticales.jpg\" data-title=\"Baranda met\u00e1lica Baloustres Verticales\" title=\"Baranda met\u00e1lica Baloustres Verticales\" rel=\"noreferrer\" data-rel=\"iLightbox[gallery_image_1]\" class=\"fusion-lightbox\" target=\"_self\"><img decoding=\"async\" src=\"https:\/\/alvismetales.com\/metalvis\/wp-content\/uploads\/2023\/11\/Baranda-metalica-Baloustres-Verticales.jpg\" data-orig-src=\"https:\/\/alvismetales.com\/metalvis\/wp-content\/uploads\/2023\/11\/Baranda-metalica-Baloustres-Verticales.jpg\" width=\"768\" height=\"1023\" alt=\"\" title=\"Baranda met\u00e1lica Baloustres Verticales\" aria-label=\"Baranda met\u00e1lica Baloustres Verticales\" class=\"lazyload img-responsive wp-image-3398\" srcset=\"data:image\/svg+xml,%3Csvg%20xmlns%3D%27http%3A%2F%2Fwww.w3.org%2F2000%2Fsvg%27%20width%3D%27768%27%20height%3D%271023%27%20viewBox%3D%270%200%20768%201023%27%3E%3Crect%20width%3D%27768%27%20height%3D%271023%27%20fill-opacity%3D%220%22%2F%3E%3C%2Fsvg%3E\" data-srcset=\"https:\/\/alvismetales.com\/metalvis\/wp-content\/uploads\/2023\/11\/Baranda-metalica-Baloustres-Verticales-200x266.jpg 200w, https:\/\/alvismetales.com\/metalvis\/wp-content\/uploads\/2023\/11\/Baranda-metalica-Baloustres-Verticales-400x533.jpg 400w, https:\/\/alvismetales.com\/metalvis\/wp-content\/uploads\/2023\/11\/Baranda-metalica-Baloustres-Verticales-600x799.jpg 600w, https:\/\/alvismetales.com\/metalvis\/wp-content\/uploads\/2023\/11\/Baranda-metalica-Baloustres-Verticales.jpg 768w\" data-sizes=\"auto\" data-orig-sizes=\"(min-width: 2200px) 100vw, (min-width: 784px) 386px, (min-width: 712px) 579px, (min-width: 640px) 712px, \" \/><div class=\"awb-imageframe-caption-container\"><div class=\"awb-imageframe-caption\"><h2 class=\"awb-imageframe-caption-title\"> <\/h2><p class=\"awb-imageframe-caption-text\">Baranda met\u00e1lica Baloustres Verticales<\/p><\/div><\/div><\/a><\/div><\/div><div style=\"padding:11.5px;\" class=\"fusion-grid-column fusion-gallery-column fusion-gallery-column-3\"><div class=\"fusion-gallery-image awb-imageframe-style awb-imageframe-style-dany\"><a href=\"https:\/\/alvismetales.com\/metalvis\/wp-content\/uploads\/2023\/11\/Baranda-metalica-colonial-1.jpg\" data-title=\"Baranda met\u00e1lica colonial 1\" title=\"Baranda met\u00e1lica colonial 1\" rel=\"noreferrer\" data-rel=\"iLightbox[gallery_image_1]\" class=\"fusion-lightbox\" target=\"_self\"><img decoding=\"async\" src=\"https:\/\/alvismetales.com\/metalvis\/wp-content\/uploads\/2023\/11\/Baranda-metalica-colonial-1.jpg\" data-orig-src=\"https:\/\/alvismetales.com\/metalvis\/wp-content\/uploads\/2023\/11\/Baranda-metalica-colonial-1.jpg\" width=\"768\" height=\"1023\" alt=\"\" title=\"Baranda met\u00e1lica colonial 1\" aria-label=\"Baranda met\u00e1lica colonial 1\" class=\"lazyload img-responsive wp-image-3399\" srcset=\"data:image\/svg+xml,%3Csvg%20xmlns%3D%27http%3A%2F%2Fwww.w3.org%2F2000%2Fsvg%27%20width%3D%27768%27%20height%3D%271023%27%20viewBox%3D%270%200%20768%201023%27%3E%3Crect%20width%3D%27768%27%20height%3D%271023%27%20fill-opacity%3D%220%22%2F%3E%3C%2Fsvg%3E\" data-srcset=\"https:\/\/alvismetales.com\/metalvis\/wp-content\/uploads\/2023\/11\/Baranda-metalica-colonial-1-200x266.jpg 200w, https:\/\/alvismetales.com\/metalvis\/wp-content\/uploads\/2023\/11\/Baranda-metalica-colonial-1-400x533.jpg 400w, https:\/\/alvismetales.com\/metalvis\/wp-content\/uploads\/2023\/11\/Baranda-metalica-colonial-1-600x799.jpg 600w, https:\/\/alvismetales.com\/metalvis\/wp-content\/uploads\/2023\/11\/Baranda-metalica-colonial-1.jpg 768w\" data-sizes=\"auto\" data-orig-sizes=\"(min-width: 2200px) 100vw, (min-width: 784px) 386px, (min-width: 712px) 579px, (min-width: 640px) 712px, \" \/><div class=\"awb-imageframe-caption-container\"><div class=\"awb-imageframe-caption\"><h2 class=\"awb-imageframe-caption-title\"> <\/h2><p class=\"awb-imageframe-caption-text\">Baranda met\u00e1lica colonial 1<\/p><\/div><\/div><\/a><\/div><\/div><div style=\"padding:11.5px;\" class=\"fusion-grid-column fusion-gallery-column fusion-gallery-column-3\"><div class=\"fusion-gallery-image awb-imageframe-style awb-imageframe-style-dany\"><a href=\"https:\/\/alvismetales.com\/metalvis\/wp-content\/uploads\/2023\/11\/Baranda-metalica-con-diseno-corte-laser.jpg\" data-title=\"Baranda met\u00e1lica con dise\u00f1o corte l\u00e1ser\" title=\"Baranda met\u00e1lica con dise\u00f1o corte l\u00e1ser\" rel=\"noreferrer\" data-rel=\"iLightbox[gallery_image_1]\" class=\"fusion-lightbox\" target=\"_self\"><img decoding=\"async\" src=\"https:\/\/alvismetales.com\/metalvis\/wp-content\/uploads\/2023\/11\/Baranda-metalica-con-diseno-corte-laser.jpg\" data-orig-src=\"https:\/\/alvismetales.com\/metalvis\/wp-content\/uploads\/2023\/11\/Baranda-metalica-con-diseno-corte-laser.jpg\" width=\"768\" height=\"1023\" alt=\"\" title=\"Baranda met\u00e1lica con dise\u00f1o corte l\u00e1ser\" aria-label=\"Baranda met\u00e1lica con dise\u00f1o corte l\u00e1ser\" class=\"lazyload img-responsive wp-image-3400\" srcset=\"data:image\/svg+xml,%3Csvg%20xmlns%3D%27http%3A%2F%2Fwww.w3.org%2F2000%2Fsvg%27%20width%3D%27768%27%20height%3D%271023%27%20viewBox%3D%270%200%20768%201023%27%3E%3Crect%20width%3D%27768%27%20height%3D%271023%27%20fill-opacity%3D%220%22%2F%3E%3C%2Fsvg%3E\" data-srcset=\"https:\/\/alvismetales.com\/metalvis\/wp-content\/uploads\/2023\/11\/Baranda-metalica-con-diseno-corte-laser-200x266.jpg 200w, https:\/\/alvismetales.com\/metalvis\/wp-content\/uploads\/2023\/11\/Baranda-metalica-con-diseno-corte-laser-400x533.jpg 400w, https:\/\/alvismetales.com\/metalvis\/wp-content\/uploads\/2023\/11\/Baranda-metalica-con-diseno-corte-laser-600x799.jpg 600w, https:\/\/alvismetales.com\/metalvis\/wp-content\/uploads\/2023\/11\/Baranda-metalica-con-diseno-corte-laser.jpg 768w\" data-sizes=\"auto\" data-orig-sizes=\"(min-width: 2200px) 100vw, (min-width: 784px) 386px, (min-width: 712px) 579px, (min-width: 640px) 712px, \" \/><div class=\"awb-imageframe-caption-container\"><div class=\"awb-imageframe-caption\"><h2 class=\"awb-imageframe-caption-title\"> <\/h2><p class=\"awb-imageframe-caption-text\">Baranda met\u00e1lica con dise\u00f1o corte l\u00e1ser<\/p><\/div><\/div><\/a><\/div><\/div><div class=\"clearfix\"><\/div><div style=\"padding:11.5px;\" class=\"fusion-grid-column fusion-gallery-column fusion-gallery-column-3\"><div class=\"fusion-gallery-image awb-imageframe-style awb-imageframe-style-dany\"><a href=\"https:\/\/alvismetales.com\/metalvis\/wp-content\/uploads\/2023\/11\/Baranda-metalica-con-diseno-personalizado.jpg\" data-title=\"Baranda met\u00e1lica con dise\u00f1o personalizado\" title=\"Baranda met\u00e1lica con dise\u00f1o personalizado\" rel=\"noreferrer\" data-rel=\"iLightbox[gallery_image_1]\" class=\"fusion-lightbox\" target=\"_self\"><img decoding=\"async\" src=\"https:\/\/alvismetales.com\/metalvis\/wp-content\/uploads\/2023\/11\/Baranda-metalica-con-diseno-personalizado.jpg\" data-orig-src=\"https:\/\/alvismetales.com\/metalvis\/wp-content\/uploads\/2023\/11\/Baranda-metalica-con-diseno-personalizado.jpg\" width=\"768\" height=\"1023\" alt=\"\" title=\"Baranda met\u00e1lica con dise\u00f1o personalizado\" aria-label=\"Baranda met\u00e1lica con dise\u00f1o personalizado\" class=\"lazyload img-responsive wp-image-3401\" srcset=\"data:image\/svg+xml,%3Csvg%20xmlns%3D%27http%3A%2F%2Fwww.w3.org%2F2000%2Fsvg%27%20width%3D%27768%27%20height%3D%271023%27%20viewBox%3D%270%200%20768%201023%27%3E%3Crect%20width%3D%27768%27%20height%3D%271023%27%20fill-opacity%3D%220%22%2F%3E%3C%2Fsvg%3E\" data-srcset=\"https:\/\/alvismetales.com\/metalvis\/wp-content\/uploads\/2023\/11\/Baranda-metalica-con-diseno-personalizado-200x266.jpg 200w, https:\/\/alvismetales.com\/metalvis\/wp-content\/uploads\/2023\/11\/Baranda-metalica-con-diseno-personalizado-400x533.jpg 400w, https:\/\/alvismetales.com\/metalvis\/wp-content\/uploads\/2023\/11\/Baranda-metalica-con-diseno-personalizado-600x799.jpg 600w, https:\/\/alvismetales.com\/metalvis\/wp-content\/uploads\/2023\/11\/Baranda-metalica-con-diseno-personalizado.jpg 768w\" data-sizes=\"auto\" data-orig-sizes=\"(min-width: 2200px) 100vw, (min-width: 784px) 386px, (min-width: 712px) 579px, (min-width: 640px) 712px, \" \/><div class=\"awb-imageframe-caption-container\"><div class=\"awb-imageframe-caption\"><h2 class=\"awb-imageframe-caption-title\"> <\/h2><p class=\"awb-imageframe-caption-text\">Baranda met\u00e1lica con dise\u00f1o personalizado<\/p><\/div><\/div><\/a><\/div><\/div><div style=\"padding:11.5px;\" class=\"fusion-grid-column fusion-gallery-column fusion-gallery-column-3\"><div class=\"fusion-gallery-image awb-imageframe-style awb-imageframe-style-dany\"><a href=\"https:\/\/alvismetales.com\/metalvis\/wp-content\/uploads\/2023\/11\/Baranda-metalica-con-diseno.jpg\" data-title=\"Baranda met\u00e1lica con dise\u00f1o\" title=\"Baranda met\u00e1lica con dise\u00f1o\" rel=\"noreferrer\" data-rel=\"iLightbox[gallery_image_1]\" class=\"fusion-lightbox\" target=\"_self\"><img decoding=\"async\" src=\"https:\/\/alvismetales.com\/metalvis\/wp-content\/uploads\/2023\/11\/Baranda-metalica-con-diseno.jpg\" data-orig-src=\"https:\/\/alvismetales.com\/metalvis\/wp-content\/uploads\/2023\/11\/Baranda-metalica-con-diseno.jpg\" width=\"768\" height=\"1023\" alt=\"\" title=\"Baranda met\u00e1lica con dise\u00f1o\" aria-label=\"Baranda met\u00e1lica con dise\u00f1o\" class=\"lazyload img-responsive wp-image-3402\" srcset=\"data:image\/svg+xml,%3Csvg%20xmlns%3D%27http%3A%2F%2Fwww.w3.org%2F2000%2Fsvg%27%20width%3D%27768%27%20height%3D%271023%27%20viewBox%3D%270%200%20768%201023%27%3E%3Crect%20width%3D%27768%27%20height%3D%271023%27%20fill-opacity%3D%220%22%2F%3E%3C%2Fsvg%3E\" data-srcset=\"https:\/\/alvismetales.com\/metalvis\/wp-content\/uploads\/2023\/11\/Baranda-metalica-con-diseno-200x266.jpg 200w, https:\/\/alvismetales.com\/metalvis\/wp-content\/uploads\/2023\/11\/Baranda-metalica-con-diseno-400x533.jpg 400w, https:\/\/alvismetales.com\/metalvis\/wp-content\/uploads\/2023\/11\/Baranda-metalica-con-diseno-600x799.jpg 600w, https:\/\/alvismetales.com\/metalvis\/wp-content\/uploads\/2023\/11\/Baranda-metalica-con-diseno.jpg 768w\" data-sizes=\"auto\" data-orig-sizes=\"(min-width: 2200px) 100vw, (min-width: 784px) 386px, (min-width: 712px) 579px, (min-width: 640px) 712px, \" \/><div class=\"awb-imageframe-caption-container\"><div class=\"awb-imageframe-caption\"><h2 class=\"awb-imageframe-caption-title\"> <\/h2><p class=\"awb-imageframe-caption-text\">Baranda met\u00e1lica con dise\u00f1o<\/p><\/div><\/div><\/a><\/div><\/div><div style=\"padding:11.5px;\" class=\"fusion-grid-column fusion-gallery-column fusion-gallery-column-3\"><div class=\"fusion-gallery-image awb-imageframe-style awb-imageframe-style-dany\"><a href=\"https:\/\/alvismetales.com\/metalvis\/wp-content\/uploads\/2023\/11\/Baranda-metalica-modelo-americano-inox-5-Divisores.jpg\" data-title=\"Baranda met\u00e1lica modelo americano inox 5 Divisores\" title=\"Baranda met\u00e1lica modelo americano inox 5 Divisores\" rel=\"noreferrer\" data-rel=\"iLightbox[gallery_image_1]\" class=\"fusion-lightbox\" target=\"_self\"><img decoding=\"async\" src=\"https:\/\/alvismetales.com\/metalvis\/wp-content\/uploads\/2023\/11\/Baranda-metalica-modelo-americano-inox-5-Divisores.jpg\" data-orig-src=\"https:\/\/alvismetales.com\/metalvis\/wp-content\/uploads\/2023\/11\/Baranda-metalica-modelo-americano-inox-5-Divisores.jpg\" width=\"768\" height=\"1023\" alt=\"\" title=\"Baranda met\u00e1lica modelo americano inox 5 Divisores\" aria-label=\"Baranda met\u00e1lica modelo americano inox 5 Divisores\" class=\"lazyload img-responsive wp-image-3403\" srcset=\"data:image\/svg+xml,%3Csvg%20xmlns%3D%27http%3A%2F%2Fwww.w3.org%2F2000%2Fsvg%27%20width%3D%27768%27%20height%3D%271023%27%20viewBox%3D%270%200%20768%201023%27%3E%3Crect%20width%3D%27768%27%20height%3D%271023%27%20fill-opacity%3D%220%22%2F%3E%3C%2Fsvg%3E\" data-srcset=\"https:\/\/alvismetales.com\/metalvis\/wp-content\/uploads\/2023\/11\/Baranda-metalica-modelo-americano-inox-5-Divisores-200x266.jpg 200w, https:\/\/alvismetales.com\/metalvis\/wp-content\/uploads\/2023\/11\/Baranda-metalica-modelo-americano-inox-5-Divisores-400x533.jpg 400w, https:\/\/alvismetales.com\/metalvis\/wp-content\/uploads\/2023\/11\/Baranda-metalica-modelo-americano-inox-5-Divisores-600x799.jpg 600w, https:\/\/alvismetales.com\/metalvis\/wp-content\/uploads\/2023\/11\/Baranda-metalica-modelo-americano-inox-5-Divisores.jpg 768w\" data-sizes=\"auto\" data-orig-sizes=\"(min-width: 2200px) 100vw, (min-width: 784px) 386px, (min-width: 712px) 579px, (min-width: 640px) 712px, \" \/><div class=\"awb-imageframe-caption-container\"><div class=\"awb-imageframe-caption\"><h2 class=\"awb-imageframe-caption-title\"> <\/h2><p class=\"awb-imageframe-caption-text\">Baranda met\u00e1lica modelo americano inox 5 Divisores<\/p><\/div><\/div><\/a><\/div><\/div><div class=\"clearfix\"><\/div><div style=\"padding:11.5px;\" class=\"fusion-grid-column fusion-gallery-column fusion-gallery-column-3\"><div class=\"fusion-gallery-image awb-imageframe-style awb-imageframe-style-dany\"><a href=\"https:\/\/alvismetales.com\/metalvis\/wp-content\/uploads\/2023\/11\/Baranda-metalica-modelo-americano.jpg\" data-title=\"Baranda met\u00e1lica modelo americano\" title=\"Baranda met\u00e1lica modelo americano\" rel=\"noreferrer\" data-rel=\"iLightbox[gallery_image_1]\" class=\"fusion-lightbox\" target=\"_self\"><img decoding=\"async\" src=\"https:\/\/alvismetales.com\/metalvis\/wp-content\/uploads\/2023\/11\/Baranda-metalica-modelo-americano.jpg\" data-orig-src=\"https:\/\/alvismetales.com\/metalvis\/wp-content\/uploads\/2023\/11\/Baranda-metalica-modelo-americano.jpg\" width=\"768\" height=\"1023\" alt=\"\" title=\"Baranda met\u00e1lica modelo americano\" aria-label=\"Baranda met\u00e1lica modelo americano\" class=\"lazyload img-responsive wp-image-3404\" srcset=\"data:image\/svg+xml,%3Csvg%20xmlns%3D%27http%3A%2F%2Fwww.w3.org%2F2000%2Fsvg%27%20width%3D%27768%27%20height%3D%271023%27%20viewBox%3D%270%200%20768%201023%27%3E%3Crect%20width%3D%27768%27%20height%3D%271023%27%20fill-opacity%3D%220%22%2F%3E%3C%2Fsvg%3E\" data-srcset=\"https:\/\/alvismetales.com\/metalvis\/wp-content\/uploads\/2023\/11\/Baranda-metalica-modelo-americano-200x266.jpg 200w, https:\/\/alvismetales.com\/metalvis\/wp-content\/uploads\/2023\/11\/Baranda-metalica-modelo-americano-400x533.jpg 400w, https:\/\/alvismetales.com\/metalvis\/wp-content\/uploads\/2023\/11\/Baranda-metalica-modelo-americano-600x799.jpg 600w, https:\/\/alvismetales.com\/metalvis\/wp-content\/uploads\/2023\/11\/Baranda-metalica-modelo-americano.jpg 768w\" data-sizes=\"auto\" data-orig-sizes=\"(min-width: 2200px) 100vw, (min-width: 784px) 386px, (min-width: 712px) 579px, (min-width: 640px) 712px, \" \/><div class=\"awb-imageframe-caption-container\"><div class=\"awb-imageframe-caption\"><h2 class=\"awb-imageframe-caption-title\"> <\/h2><p class=\"awb-imageframe-caption-text\">Baranda met\u00e1lica modelo americano<\/p><\/div><\/div><\/a><\/div><\/div><div style=\"padding:11.5px;\" class=\"fusion-grid-column fusion-gallery-column fusion-gallery-column-3\"><div class=\"fusion-gallery-image awb-imageframe-style awb-imageframe-style-dany\"><a href=\"https:\/\/alvismetales.com\/metalvis\/wp-content\/uploads\/2023\/11\/Baranda-metalica-modelo-artico-inox-3-divisores.jpg\" data-title=\"Baranda met\u00e1lica modelo artico inox 3 divisores\" title=\"Baranda met\u00e1lica modelo artico inox 3 divisores\" rel=\"noreferrer\" data-rel=\"iLightbox[gallery_image_1]\" class=\"fusion-lightbox\" target=\"_self\"><img decoding=\"async\" src=\"https:\/\/alvismetales.com\/metalvis\/wp-content\/uploads\/2023\/11\/Baranda-metalica-modelo-artico-inox-3-divisores.jpg\" data-orig-src=\"https:\/\/alvismetales.com\/metalvis\/wp-content\/uploads\/2023\/11\/Baranda-metalica-modelo-artico-inox-3-divisores.jpg\" width=\"768\" height=\"1023\" alt=\"\" title=\"Baranda met\u00e1lica modelo artico inox 3 divisores\" aria-label=\"Baranda met\u00e1lica modelo artico inox 3 divisores\" class=\"lazyload img-responsive wp-image-3405\" srcset=\"data:image\/svg+xml,%3Csvg%20xmlns%3D%27http%3A%2F%2Fwww.w3.org%2F2000%2Fsvg%27%20width%3D%27768%27%20height%3D%271023%27%20viewBox%3D%270%200%20768%201023%27%3E%3Crect%20width%3D%27768%27%20height%3D%271023%27%20fill-opacity%3D%220%22%2F%3E%3C%2Fsvg%3E\" data-srcset=\"https:\/\/alvismetales.com\/metalvis\/wp-content\/uploads\/2023\/11\/Baranda-metalica-modelo-artico-inox-3-divisores-200x266.jpg 200w, https:\/\/alvismetales.com\/metalvis\/wp-content\/uploads\/2023\/11\/Baranda-metalica-modelo-artico-inox-3-divisores-400x533.jpg 400w, https:\/\/alvismetales.com\/metalvis\/wp-content\/uploads\/2023\/11\/Baranda-metalica-modelo-artico-inox-3-divisores-600x799.jpg 600w, https:\/\/alvismetales.com\/metalvis\/wp-content\/uploads\/2023\/11\/Baranda-metalica-modelo-artico-inox-3-divisores.jpg 768w\" data-sizes=\"auto\" data-orig-sizes=\"(min-width: 2200px) 100vw, (min-width: 784px) 386px, (min-width: 712px) 579px, (min-width: 640px) 712px, \" \/><div class=\"awb-imageframe-caption-container\"><div class=\"awb-imageframe-caption\"><h2 class=\"awb-imageframe-caption-title\"> <\/h2><p class=\"awb-imageframe-caption-text\">Baranda met\u00e1lica modelo artico inox 3 divisores<\/p><\/div><\/div><\/a><\/div><\/div><div style=\"padding:11.5px;\" class=\"fusion-grid-column fusion-gallery-column fusion-gallery-column-3\"><div class=\"fusion-gallery-image awb-imageframe-style awb-imageframe-style-dany\"><a href=\"https:\/\/alvismetales.com\/metalvis\/wp-content\/uploads\/2023\/11\/Baranda-metalica-modelo-europeo-inox-8-divisores.jpg\" data-title=\"Baranda met\u00e1lica modelo europeo inox 8 divisores\" title=\"Baranda met\u00e1lica modelo europeo inox 8 divisores\" rel=\"noreferrer\" data-rel=\"iLightbox[gallery_image_1]\" class=\"fusion-lightbox\" target=\"_self\"><img decoding=\"async\" src=\"https:\/\/alvismetales.com\/metalvis\/wp-content\/uploads\/2023\/11\/Baranda-metalica-modelo-europeo-inox-8-divisores.jpg\" data-orig-src=\"https:\/\/alvismetales.com\/metalvis\/wp-content\/uploads\/2023\/11\/Baranda-metalica-modelo-europeo-inox-8-divisores.jpg\" width=\"768\" height=\"1023\" alt=\"\" title=\"Baranda met\u00e1lica modelo europeo inox 8 divisores\" aria-label=\"Baranda met\u00e1lica modelo europeo inox 8 divisores\" class=\"lazyload img-responsive wp-image-3406\" srcset=\"data:image\/svg+xml,%3Csvg%20xmlns%3D%27http%3A%2F%2Fwww.w3.org%2F2000%2Fsvg%27%20width%3D%27768%27%20height%3D%271023%27%20viewBox%3D%270%200%20768%201023%27%3E%3Crect%20width%3D%27768%27%20height%3D%271023%27%20fill-opacity%3D%220%22%2F%3E%3C%2Fsvg%3E\" data-srcset=\"https:\/\/alvismetales.com\/metalvis\/wp-content\/uploads\/2023\/11\/Baranda-metalica-modelo-europeo-inox-8-divisores-200x266.jpg 200w, https:\/\/alvismetales.com\/metalvis\/wp-content\/uploads\/2023\/11\/Baranda-metalica-modelo-europeo-inox-8-divisores-400x533.jpg 400w, https:\/\/alvismetales.com\/metalvis\/wp-content\/uploads\/2023\/11\/Baranda-metalica-modelo-europeo-inox-8-divisores-600x799.jpg 600w, https:\/\/alvismetales.com\/metalvis\/wp-content\/uploads\/2023\/11\/Baranda-metalica-modelo-europeo-inox-8-divisores.jpg 768w\" data-sizes=\"auto\" data-orig-sizes=\"(min-width: 2200px) 100vw, (min-width: 784px) 386px, (min-width: 712px) 579px, (min-width: 640px) 712px, \" \/><div class=\"awb-imageframe-caption-container\"><div class=\"awb-imageframe-caption\"><h2 class=\"awb-imageframe-caption-title\"> <\/h2><p class=\"awb-imageframe-caption-text\">Baranda met\u00e1lica modelo europeo inox 8 divisores<\/p><\/div><\/div><\/a><\/div><\/div><div class=\"clearfix\"><\/div><div style=\"padding:11.5px;\" class=\"fusion-grid-column fusion-gallery-column fusion-gallery-column-3\"><div class=\"fusion-gallery-image awb-imageframe-style awb-imageframe-style-dany\"><a href=\"https:\/\/alvismetales.com\/metalvis\/wp-content\/uploads\/2023\/11\/Baranda-metalica-modelo-europeo.jpg\" data-title=\"Baranda met\u00e1lica modelo europeo\" title=\"Baranda met\u00e1lica modelo europeo\" rel=\"noreferrer\" data-rel=\"iLightbox[gallery_image_1]\" class=\"fusion-lightbox\" target=\"_self\"><img decoding=\"async\" src=\"https:\/\/alvismetales.com\/metalvis\/wp-content\/uploads\/2023\/11\/Baranda-metalica-modelo-europeo.jpg\" data-orig-src=\"https:\/\/alvismetales.com\/metalvis\/wp-content\/uploads\/2023\/11\/Baranda-metalica-modelo-europeo.jpg\" width=\"768\" height=\"1023\" alt=\"\" title=\"Baranda met\u00e1lica modelo europeo\" aria-label=\"Baranda met\u00e1lica modelo europeo\" class=\"lazyload img-responsive wp-image-3407\" srcset=\"data:image\/svg+xml,%3Csvg%20xmlns%3D%27http%3A%2F%2Fwww.w3.org%2F2000%2Fsvg%27%20width%3D%27768%27%20height%3D%271023%27%20viewBox%3D%270%200%20768%201023%27%3E%3Crect%20width%3D%27768%27%20height%3D%271023%27%20fill-opacity%3D%220%22%2F%3E%3C%2Fsvg%3E\" data-srcset=\"https:\/\/alvismetales.com\/metalvis\/wp-content\/uploads\/2023\/11\/Baranda-metalica-modelo-europeo-200x266.jpg 200w, https:\/\/alvismetales.com\/metalvis\/wp-content\/uploads\/2023\/11\/Baranda-metalica-modelo-europeo-400x533.jpg 400w, https:\/\/alvismetales.com\/metalvis\/wp-content\/uploads\/2023\/11\/Baranda-metalica-modelo-europeo-600x799.jpg 600w, https:\/\/alvismetales.com\/metalvis\/wp-content\/uploads\/2023\/11\/Baranda-metalica-modelo-europeo.jpg 768w\" data-sizes=\"auto\" data-orig-sizes=\"(min-width: 2200px) 100vw, (min-width: 784px) 386px, (min-width: 712px) 579px, (min-width: 640px) 712px, \" \/><div class=\"awb-imageframe-caption-container\"><div class=\"awb-imageframe-caption\"><h2 class=\"awb-imageframe-caption-title\"> <\/h2><p class=\"awb-imageframe-caption-text\">Baranda met\u00e1lica modelo europeo<\/p><\/div><\/div><\/a><\/div><\/div><div style=\"padding:11.5px;\" class=\"fusion-grid-column fusion-gallery-column fusion-gallery-column-3\"><div class=\"fusion-gallery-image awb-imageframe-style awb-imageframe-style-dany\"><a href=\"https:\/\/alvismetales.com\/metalvis\/wp-content\/uploads\/2023\/11\/Baranda-metalica-para-balcon.jpg\" data-title=\"Baranda met\u00e1lica para balc\u00f3n\" title=\"Baranda met\u00e1lica para balc\u00f3n\" rel=\"noreferrer\" data-rel=\"iLightbox[gallery_image_1]\" class=\"fusion-lightbox\" target=\"_self\"><img decoding=\"async\" src=\"https:\/\/alvismetales.com\/metalvis\/wp-content\/uploads\/2023\/11\/Baranda-metalica-para-balcon.jpg\" data-orig-src=\"https:\/\/alvismetales.com\/metalvis\/wp-content\/uploads\/2023\/11\/Baranda-metalica-para-balcon.jpg\" width=\"768\" height=\"1023\" alt=\"\" title=\"Baranda met\u00e1lica para balc\u00f3n\" aria-label=\"Baranda met\u00e1lica para balc\u00f3n\" class=\"lazyload img-responsive wp-image-3408\" srcset=\"data:image\/svg+xml,%3Csvg%20xmlns%3D%27http%3A%2F%2Fwww.w3.org%2F2000%2Fsvg%27%20width%3D%27768%27%20height%3D%271023%27%20viewBox%3D%270%200%20768%201023%27%3E%3Crect%20width%3D%27768%27%20height%3D%271023%27%20fill-opacity%3D%220%22%2F%3E%3C%2Fsvg%3E\" data-srcset=\"https:\/\/alvismetales.com\/metalvis\/wp-content\/uploads\/2023\/11\/Baranda-metalica-para-balcon-200x266.jpg 200w, https:\/\/alvismetales.com\/metalvis\/wp-content\/uploads\/2023\/11\/Baranda-metalica-para-balcon-400x533.jpg 400w, https:\/\/alvismetales.com\/metalvis\/wp-content\/uploads\/2023\/11\/Baranda-metalica-para-balcon-600x799.jpg 600w, https:\/\/alvismetales.com\/metalvis\/wp-content\/uploads\/2023\/11\/Baranda-metalica-para-balcon.jpg 768w\" data-sizes=\"auto\" data-orig-sizes=\"(min-width: 2200px) 100vw, (min-width: 784px) 386px, (min-width: 712px) 579px, (min-width: 640px) 712px, \" \/><div class=\"awb-imageframe-caption-container\"><div class=\"awb-imageframe-caption\"><h2 class=\"awb-imageframe-caption-title\"> <\/h2><p class=\"awb-imageframe-caption-text\">Baranda met\u00e1lica para balc\u00f3n<\/p><\/div><\/div><\/a><\/div><\/div><\/div><\/div><\/div><\/div><\/div><\/div>\n","protected":false},"excerpt":{"rendered":"","protected":false},"author":1,"featured_media":3357,"comment_status":"open","ping_status":"open","sticky":false,"template":"","format":"standard","meta":{"footnotes":""},"categories":[42],"tags":[],"class_list":["post-2824","post","type-post","status-publish","format-standard","has-post-thumbnail","hentry","category-servicios-metalvis"],"yoast_head":"<!-- This site is optimized with the Yoast SEO plugin v23.1 - https:\/\/yoast.com\/wordpress\/plugins\/seo\/ -->\n<title>Barandas Met\u00e1licas - Metalvis<\/title>\n<meta name=\"robots\" content=\"index, follow, max-snippet:-1, max-image-preview:large, max-video-preview:-1\" \/>\n<link rel=\"canonical\" href=\"https:\/\/alvismetales.com\/metalvis\/barandas-metalicas\/\" \/>\n<meta property=\"og:locale\" content=\"es_ES\" \/>\n<meta property=\"og:type\" content=\"article\" \/>\n<meta property=\"og:title\" content=\"Barandas Met\u00e1licas - Metalvis\" \/>\n<meta property=\"og:url\" content=\"https:\/\/alvismetales.com\/metalvis\/barandas-metalicas\/\" \/>\n<meta property=\"og:site_name\" content=\"Metalvis\" \/>\n<meta property=\"article:published_time\" content=\"2023-10-06T21:37:51+00:00\" \/>\n<meta property=\"article:modified_time\" content=\"2024-07-24T00:30:24+00:00\" \/>\n<meta property=\"og:image\" content=\"https:\/\/alvismetales.com\/metalvis\/wp-content\/uploads\/2023\/11\/metalvis_0002_barandas.jpg\" \/>\n\t<meta property=\"og:image:width\" content=\"1024\" \/>\n\t<meta property=\"og:image:height\" content=\"768\" \/>\n\t<meta property=\"og:image:type\" content=\"image\/jpeg\" \/>\n<meta name=\"author\" content=\"metalvis\" \/>\n<meta name=\"twitter:card\" content=\"summary_large_image\" \/>\n<meta name=\"twitter:label1\" content=\"Escrito por\" \/>\n\t<meta name=\"twitter:data1\" content=\"metalvis\" \/>\n\t<meta name=\"twitter:label2\" content=\"Tiempo de lectura\" \/>\n\t<meta name=\"twitter:data2\" content=\"3 minutos\" \/>\n<script type=\"application\/ld+json\" class=\"yoast-schema-graph\">{\"@context\":\"https:\/\/schema.org\",\"@graph\":[{\"@type\":\"WebPage\",\"@id\":\"https:\/\/alvismetales.com\/metalvis\/barandas-metalicas\/\",\"url\":\"https:\/\/alvismetales.com\/metalvis\/barandas-metalicas\/\",\"name\":\"Barandas Met\u00e1licas - Metalvis\",\"isPartOf\":{\"@id\":\"https:\/\/alvismetales.com\/metalvis\/#website\"},\"primaryImageOfPage\":{\"@id\":\"https:\/\/alvismetales.com\/metalvis\/barandas-metalicas\/#primaryimage\"},\"image\":{\"@id\":\"https:\/\/alvismetales.com\/metalvis\/barandas-metalicas\/#primaryimage\"},\"thumbnailUrl\":\"https:\/\/alvismetales.com\/metalvis\/wp-content\/uploads\/2023\/11\/metalvis_0002_barandas.jpg\",\"datePublished\":\"2023-10-06T21:37:51+00:00\",\"dateModified\":\"2024-07-24T00:30:24+00:00\",\"author\":{\"@id\":\"https:\/\/alvismetales.com\/metalvis\/#\/schema\/person\/a486280040cf721c3f0824911a8d3edc\"},\"breadcrumb\":{\"@id\":\"https:\/\/alvismetales.com\/metalvis\/barandas-metalicas\/#breadcrumb\"},\"inLanguage\":\"es\",\"potentialAction\":[{\"@type\":\"ReadAction\",\"target\":[\"https:\/\/alvismetales.com\/metalvis\/barandas-metalicas\/\"]}]},{\"@type\":\"ImageObject\",\"inLanguage\":\"es\",\"@id\":\"https:\/\/alvismetales.com\/metalvis\/barandas-metalicas\/#primaryimage\",\"url\":\"https:\/\/alvismetales.com\/metalvis\/wp-content\/uploads\/2023\/11\/metalvis_0002_barandas.jpg\",\"contentUrl\":\"https:\/\/alvismetales.com\/metalvis\/wp-content\/uploads\/2023\/11\/metalvis_0002_barandas.jpg\",\"width\":1024,\"height\":768},{\"@type\":\"BreadcrumbList\",\"@id\":\"https:\/\/alvismetales.com\/metalvis\/barandas-metalicas\/#breadcrumb\",\"itemListElement\":[{\"@type\":\"ListItem\",\"position\":1,\"name\":\"Portada\",\"item\":\"https:\/\/alvismetales.com\/metalvis\/\"},{\"@type\":\"ListItem\",\"position\":2,\"name\":\"Barandas Met\u00e1licas\"}]},{\"@type\":\"WebSite\",\"@id\":\"https:\/\/alvismetales.com\/metalvis\/#website\",\"url\":\"https:\/\/alvismetales.com\/metalvis\/\",\"name\":\"Metalvis\",\"description\":\"\",\"potentialAction\":[{\"@type\":\"SearchAction\",\"target\":{\"@type\":\"EntryPoint\",\"urlTemplate\":\"https:\/\/alvismetales.com\/metalvis\/?s={search_term_string}\"},\"query-input\":\"required name=search_term_string\"}],\"inLanguage\":\"es\"},{\"@type\":\"Person\",\"@id\":\"https:\/\/alvismetales.com\/metalvis\/#\/schema\/person\/a486280040cf721c3f0824911a8d3edc\",\"name\":\"metalvis\",\"image\":{\"@type\":\"ImageObject\",\"inLanguage\":\"es\",\"@id\":\"https:\/\/alvismetales.com\/metalvis\/#\/schema\/person\/image\/\",\"url\":\"https:\/\/secure.gravatar.com\/avatar\/bbe6bf6d0f2608d38851eade1111b4f67b7918de13a0a12f7f1477803ce7cb95?s=96&d=mm&r=g\",\"contentUrl\":\"https:\/\/secure.gravatar.com\/avatar\/bbe6bf6d0f2608d38851eade1111b4f67b7918de13a0a12f7f1477803ce7cb95?s=96&d=mm&r=g\",\"caption\":\"metalvis\"},\"sameAs\":[\"https:\/\/alvismetales.com\/metalvis\"],\"url\":\"https:\/\/alvismetales.com\/metalvis\/author\/metalvis\/\"}]}<\/script>\n<!-- \/ Yoast SEO plugin. -->","yoast_head_json":{"title":"Barandas Met\u00e1licas - Metalvis","robots":{"index":"index","follow":"follow","max-snippet":"max-snippet:-1","max-image-preview":"max-image-preview:large","max-video-preview":"max-video-preview:-1"},"canonical":"https:\/\/alvismetales.com\/metalvis\/barandas-metalicas\/","og_locale":"es_ES","og_type":"article","og_title":"Barandas Met\u00e1licas - Metalvis","og_url":"https:\/\/alvismetales.com\/metalvis\/barandas-metalicas\/","og_site_name":"Metalvis","article_published_time":"2023-10-06T21:37:51+00:00","article_modified_time":"2024-07-24T00:30:24+00:00","og_image":[{"width":1024,"height":768,"url":"https:\/\/alvismetales.com\/metalvis\/wp-content\/uploads\/2023\/11\/metalvis_0002_barandas.jpg","type":"image\/jpeg"}],"author":"metalvis","twitter_card":"summary_large_image","twitter_misc":{"Escrito por":"metalvis","Tiempo de lectura":"3 minutos"},"schema":{"@context":"https:\/\/schema.org","@graph":[{"@type":"WebPage","@id":"https:\/\/alvismetales.com\/metalvis\/barandas-metalicas\/","url":"https:\/\/alvismetales.com\/metalvis\/barandas-metalicas\/","name":"Barandas Met\u00e1licas - Metalvis","isPartOf":{"@id":"https:\/\/alvismetales.com\/metalvis\/#website"},"primaryImageOfPage":{"@id":"https:\/\/alvismetales.com\/metalvis\/barandas-metalicas\/#primaryimage"},"image":{"@id":"https:\/\/alvismetales.com\/metalvis\/barandas-metalicas\/#primaryimage"},"thumbnailUrl":"https:\/\/alvismetales.com\/metalvis\/wp-content\/uploads\/2023\/11\/metalvis_0002_barandas.jpg","datePublished":"2023-10-06T21:37:51+00:00","dateModified":"2024-07-24T00:30:24+00:00","author":{"@id":"https:\/\/alvismetales.com\/metalvis\/#\/schema\/person\/a486280040cf721c3f0824911a8d3edc"},"breadcrumb":{"@id":"https:\/\/alvismetales.com\/metalvis\/barandas-metalicas\/#breadcrumb"},"inLanguage":"es","potentialAction":[{"@type":"ReadAction","target":["https:\/\/alvismetales.com\/metalvis\/barandas-metalicas\/"]}]},{"@type":"ImageObject","inLanguage":"es","@id":"https:\/\/alvismetales.com\/metalvis\/barandas-metalicas\/#primaryimage","url":"https:\/\/alvismetales.com\/metalvis\/wp-content\/uploads\/2023\/11\/metalvis_0002_barandas.jpg","contentUrl":"https:\/\/alvismetales.com\/metalvis\/wp-content\/uploads\/2023\/11\/metalvis_0002_barandas.jpg","width":1024,"height":768},{"@type":"BreadcrumbList","@id":"https:\/\/alvismetales.com\/metalvis\/barandas-metalicas\/#breadcrumb","itemListElement":[{"@type":"ListItem","position":1,"name":"Portada","item":"https:\/\/alvismetales.com\/metalvis\/"},{"@type":"ListItem","position":2,"name":"Barandas Met\u00e1licas"}]},{"@type":"WebSite","@id":"https:\/\/alvismetales.com\/metalvis\/#website","url":"https:\/\/alvismetales.com\/metalvis\/","name":"Metalvis","description":"","potentialAction":[{"@type":"SearchAction","target":{"@type":"EntryPoint","urlTemplate":"https:\/\/alvismetales.com\/metalvis\/?s={search_term_string}"},"query-input":"required name=search_term_string"}],"inLanguage":"es"},{"@type":"Person","@id":"https:\/\/alvismetales.com\/metalvis\/#\/schema\/person\/a486280040cf721c3f0824911a8d3edc","name":"metalvis","image":{"@type":"ImageObject","inLanguage":"es","@id":"https:\/\/alvismetales.com\/metalvis\/#\/schema\/person\/image\/","url":"https:\/\/secure.gravatar.com\/avatar\/bbe6bf6d0f2608d38851eade1111b4f67b7918de13a0a12f7f1477803ce7cb95?s=96&d=mm&r=g","contentUrl":"https:\/\/secure.gravatar.com\/avatar\/bbe6bf6d0f2608d38851eade1111b4f67b7918de13a0a12f7f1477803ce7cb95?s=96&d=mm&r=g","caption":"metalvis"},"sameAs":["https:\/\/alvismetales.com\/metalvis"],"url":"https:\/\/alvismetales.com\/metalvis\/author\/metalvis\/"}]}},"_links":{"self":[{"href":"https:\/\/alvismetales.com\/metalvis\/wp-json\/wp\/v2\/posts\/2824","targetHints":{"allow":["GET"]}}],"collection":[{"href":"https:\/\/alvismetales.com\/metalvis\/wp-json\/wp\/v2\/posts"}],"about":[{"href":"https:\/\/alvismetales.com\/metalvis\/wp-json\/wp\/v2\/types\/post"}],"author":[{"embeddable":true,"href":"https:\/\/alvismetales.com\/metalvis\/wp-json\/wp\/v2\/users\/1"}],"replies":[{"embeddable":true,"href":"https:\/\/alvismetales.com\/metalvis\/wp-json\/wp\/v2\/comments?post=2824"}],"version-history":[{"count":145,"href":"https:\/\/alvismetales.com\/metalvis\/wp-json\/wp\/v2\/posts\/2824\/revisions"}],"predecessor-version":[{"id":3856,"href":"https:\/\/alvismetales.com\/metalvis\/wp-json\/wp\/v2\/posts\/2824\/revisions\/3856"}],"wp:featuredmedia":[{"embeddable":true,"href":"https:\/\/alvismetales.com\/metalvis\/wp-json\/wp\/v2\/media\/3357"}],"wp:attachment":[{"href":"https:\/\/alvismetales.com\/metalvis\/wp-json\/wp\/v2\/media?parent=2824"}],"wp:term":[{"taxonomy":"category","embeddable":true,"href":"https:\/\/alvismetales.com\/metalvis\/wp-json\/wp\/v2\/categories?post=2824"},{"taxonomy":"post_tag","embeddable":true,"href":"https:\/\/alvismetales.com\/metalvis\/wp-json\/wp\/v2\/tags?post=2824"}],"curies":[{"name":"wp","href":"https:\/\/api.w.org\/{rel}","templated":true}]}}